{"id":37254,"date":"2026-09-04T15:17:56","date_gmt":"2026-09-04T15:17:56","guid":{"rendered":"https:\/\/diarioahora.com.ar\/?p=37254"},"modified":"2026-09-04T15:18:05","modified_gmt":"2026-09-04T15:18:05","slug":"con-mas-de-1-300-participantes-comenzo-el-4o-congreso-de-ecoturismo-en-la-provincia-de-corrientes-el-ministro-de-turismo-braillard-poccard-destaco-la-convocatoria","status":"publish","type":"post","link":"https:\/\/diarioahora.com.ar\/index.php\/2026\/09\/04\/con-mas-de-1-300-participantes-comenzo-el-4o-congreso-de-ecoturismo-en-la-provincia-de-corrientes-el-ministro-de-turismo-braillard-poccard-destaco-la-convocatoria\/","title":{"rendered":"Con m\u00e1s de 1.300 participantes, comenz\u00f3 el 4\u00ba Congreso de Ecoturismo en la provincia de Corrientes: El ministro de Turismo Braillard Poccard destac\u00f3 la convocatoria"},"content":{"rendered":"\n<p class=\"wp-block-paragraph\">El 4\u00b0 Congreso Ecotur\u00edstico del Litoral comenz\u00f3 este jueves en el Sal\u00f3n Gran Paran\u00e1 de la ciudad de Corrientes con una convocatoria superior a los 1.300 asistentes y bajo el lema &#8220;Turismo Regenera&#8221;. La apertura reuni\u00f3 a autoridades provinciales y municipales, representantes del sector tur\u00edstico, universidades y especialistas, con el foco puesto en el desarrollo sostenible y la conservaci\u00f3n de los recursos naturales.<\/p>\n\n\n\n<p class=\"wp-block-paragraph\">Durante el acto, el gobernador Juan Pablo Vald\u00e9s destac\u00f3 la continuidad de las pol\u00edticas p\u00fablicas vinculadas y el trabajo desarrollado por el Comit\u00e9 Iber\u00e1.<\/p>\n\n\n\n<p class=\"wp-block-paragraph\">&#8220;Tenemos que trabajar para que Corrientes sea la capital del turismo natural de toda la regi\u00f3n del Litoral&#8221;, afirm\u00f3 el mandatario, al plantear como uno de los principales desaf\u00edos para los pr\u00f3ximos a\u00f1os el fortalecimiento de la promoci\u00f3n internacional de la provincia.<\/p>\n\n\n\n<figure class=\"wp-block-image size-full\"><img fetchpriority=\"high\" decoding=\"async\" width=\"790\" height=\"461\" src=\"https:\/\/diarioahora.com.ar\/wp-content\/uploads\/2026\/09\/r3.webp\" alt=\"\" class=\"wp-image-37255\" srcset=\"https:\/\/diarioahora.com.ar\/wp-content\/uploads\/2026\/09\/r3.webp 790w, https:\/\/diarioahora.com.ar\/wp-content\/uploads\/2026\/09\/r3-768x448.webp 768w, https:\/\/diarioahora.com.ar\/wp-content\/uploads\/2026\/09\/r3-300x175.webp 300w\" sizes=\"(max-width: 790px) 100vw, 790px\" \/><\/figure>\n\n\n\n<p class=\"wp-block-paragraph\">Vald\u00e9s sostuvo que el objetivo es lograr que el Iber\u00e1 tenga una presencia cada vez mayor en los mercados globales y que el crecimiento tur\u00edstico alcance a las localidades ubicadas en torno a los portales de acceso al parque. La consolidaci\u00f3n del destino, se\u00f1al\u00f3, permiti\u00f3 ampliar las oportunidades laborales y comerciales y generar un nuevo movimiento econ\u00f3mico alrededor de la actividad.<\/p>\n\n\n\n<p class=\"wp-block-paragraph\">En la misma l\u00ednea, el coordinador general del Comit\u00e9 Iber\u00e1, Sergio Flinta, puso el acento en el valor ambiental del humedal y en la necesidad de sostener las pol\u00edticas de conservaci\u00f3n. &#8220;Iber\u00e1 es reconocido por sus funciones ecosist\u00e9micas important\u00edsimas y el aporte que hace Corrientes para mitigar el cambio clim\u00e1tico&#8221;, sostuvo.<\/p>\n\n\n\n<p class=\"wp-block-paragraph\">Flinta tambi\u00e9n destac\u00f3 la articulaci\u00f3n entre el Estado, el sector privado y las universidades para promover proyectos que permitan transformar la conservaci\u00f3n en oportunidades concretas de desarrollo para las comunidades.<\/p>\n\n\n\n<p class=\"wp-block-paragraph\">Por su parte, el ministro de Turismo, Juan Enrique Braillard Poccard, resalt\u00f3 la convocatoria alcanzada por esta edici\u00f3n del Congreso y consider\u00f3 que la participaci\u00f3n r\u00e9cord refleja el lugar que Corrientes logr\u00f3 ocupar dentro del mapa del ecoturismo. &#8220;Esto habla de las expectativas que genera Corrientes como faro del ecoturismo a nivel nacional e internacional&#8221;, afirm\u00f3.<\/p>\n\n\n\n<p class=\"wp-block-paragraph\">El intendente de la ciudad de Corrientes, Claudio Polich, valor\u00f3 especialmente que la Capital sea sede del encuentro y pueda recibir a actores vinculados con una actividad que considera estrat\u00e9gica para el futuro provincial. &#8220;Para nosotros, como ciudad anfitriona, es muy bueno poder tener un evento de estas caracter\u00edsticas y nuclear en la ciudad de Corrientes a tanta gente que trabaja y desarrolla el ecoturismo&#8221;, expres\u00f3.<\/p>\n\n\n\n<p class=\"wp-block-paragraph\">Polich hizo especial \u00e9nfasis en la posibilidad de combinar crecimiento econ\u00f3mico y protecci\u00f3n ambiental. &#8220;Si hay una actividad sustentable con el medio ambiente, es esta&#8221;, sostuvo. Y explic\u00f3 que existe una &#8220;doble sinergia&#8221; para la provincia, porque el ecoturismo permite &#8220;generar trabajo y, a la vez, generar riqueza, conservando el medio ambiente&#8221;.<\/p>\n\n\n\n<p class=\"wp-block-paragraph\">El jefe comunal consider\u00f3 que el desaf\u00edo consiste en mostrar los atractivos naturales y culturales sin poner en riesgo su preservaci\u00f3n. En ese proceso incluy\u00f3 a la gastronom\u00eda, la arquitectura, los paisajes, la fauna y las formas de vida propias de cada localidad como recursos capaces de enriquecer la oferta tur\u00edstica.<\/p>\n\n\n\n<p class=\"wp-block-paragraph\">Tambi\u00e9n sostuvo que cada municipio debe identificar sus propios atractivos y sumarlos a una estrategia provincial de crecimiento, tomando como referencia el proceso que convirti\u00f3 al Iber\u00e1 en una marca tur\u00edstica de alcance internacional.<\/p>\n\n\n\n<p class=\"wp-block-paragraph\">En ese marco, Polich retom\u00f3 una propuesta que, seg\u00fan record\u00f3, hab\u00eda conversado a\u00f1os atr\u00e1s con el exgobernador Gustavo Vald\u00e9s: incorporar en los distintos accesos a Corrientes una referencia com\u00fan que permita instalar entre los visitantes una idea central.<\/p>\n\n\n\n<p class=\"wp-block-paragraph\">(Diario \u00c9poca).<\/p>\n","protected":false},"excerpt":{"rendered":"<p>El 4\u00b0 Congreso Ecotur\u00edstico del Litoral comenz\u00f3 este jueves en el Sal\u00f3n Gran Paran\u00e1 de la ciudad de Corrientes con una convocatoria superior a los&#8230;<\/p>\n","protected":false},"author":1,"featured_media":37256,"comment_status":"closed","ping_status":"closed","sticky":false,"template":"","format":"standard","meta":{"_jetpack_newsletter_access":"","_jetpack_dont_email_post_to_subs":false,"_jetpack_newsletter_tier_id":0,"_jetpack_memberships_contains_paywalled_content":false,"_jetpack_feature_clip_id":0,"_jetpack_memberships_contains_paid_content":false,"footnotes":"","jetpack_post_was_ever_published":false},"categories":[5],"tags":[],"class_list":["post-37254","post","type-post","status-publish","format-standard","has-post-thumbnail","hentry","category-corrientes","entry","double"],"jetpack_sharing_enabled":true,"jetpack_featured_media_url":"https:\/\/diarioahora.com.ar\/wp-content\/uploads\/2026\/09\/r2-2026-09-04T121656.753.jpg","_links":{"self":[{"href":"https:\/\/diarioahora.com.ar\/index.php\/wp-json\/wp\/v2\/posts\/37254","targetHints":{"allow":["GET"]}}],"collection":[{"href":"https:\/\/diarioahora.com.ar\/index.php\/wp-json\/wp\/v2\/posts"}],"about":[{"href":"https:\/\/diarioahora.com.ar\/index.php\/wp-json\/wp\/v2\/types\/post"}],"author":[{"embeddable":true,"href":"https:\/\/diarioahora.com.ar\/index.php\/wp-json\/wp\/v2\/users\/1"}],"replies":[{"embeddable":true,"href":"https:\/\/diarioahora.com.ar\/index.php\/wp-json\/wp\/v2\/comments?post=37254"}],"version-history":[{"count":1,"href":"https:\/\/diarioahora.com.ar\/index.php\/wp-json\/wp\/v2\/posts\/37254\/revisions"}],"predecessor-version":[{"id":37257,"href":"https:\/\/diarioahora.com.ar\/index.php\/wp-json\/wp\/v2\/posts\/37254\/revisions\/37257"}],"wp:featuredmedia":[{"embeddable":true,"href":"https:\/\/diarioahora.com.ar\/index.php\/wp-json\/wp\/v2\/media\/37256"}],"wp:attachment":[{"href":"https:\/\/diarioahora.com.ar\/index.php\/wp-json\/wp\/v2\/media?parent=37254"}],"wp:term":[{"taxonomy":"category","embeddable":true,"href":"https:\/\/diarioahora.com.ar\/index.php\/wp-json\/wp\/v2\/categories?post=37254"},{"taxonomy":"post_tag","embeddable":true,"href":"https:\/\/diarioahora.com.ar\/index.php\/wp-json\/wp\/v2\/tags?post=37254"}],"curies":[{"name":"wp","href":"https:\/\/api.w.org\/{rel}","templated":true}]}}