{"id":37244,"date":"2026-09-04T14:54:50","date_gmt":"2026-09-04T14:54:50","guid":{"rendered":"https:\/\/diarioahora.com.ar\/?p=37244"},"modified":"2026-09-04T15:02:43","modified_gmt":"2026-09-04T15:02:43","slug":"el-municipio-de-las-lomitas-realizo-operativo-integral-en-el-bo-emeta-donde-se-realizaron-trabajos-de-limpieza-del-sistema-pluvial-espacios-publicos-y-el-tratamiento-del-suelo-para-el-enripado-de-ca","status":"publish","type":"post","link":"https:\/\/diarioahora.com.ar\/index.php\/2026\/09\/04\/el-municipio-de-las-lomitas-realizo-operativo-integral-en-el-bo-emeta-donde-se-realizaron-trabajos-de-limpieza-del-sistema-pluvial-espacios-publicos-y-el-tratamiento-del-suelo-para-el-enripado-de-ca\/","title":{"rendered":"El municipio de Las Lomitas realiz\u00f3 operativo integral en el B\u00ba Emeta, donde se realizaron trabajos de limpieza del sistema pluvial, espacios p\u00fablicos y el tratamiento del suelo para el enripiado de calles"},"content":{"rendered":"\n<p class=\"wp-block-paragraph\">El municipio de <strong>Las Lomitas<\/strong> llev\u00f3 adelante un <strong>operativo integral<\/strong> en el barrio Emeta, donde cuadrillas municipales realizaron trabajos de <strong>mantenimiento del sistema pluvial<\/strong>, <strong>arreglo de calles<\/strong> y <strong>limpieza de espacios p\u00fablicos<\/strong>. Adem\u00e1s, se prepar\u00f3 el suelo para el <strong>enripiado de 700 metros<\/strong> de calles que se concretar\u00e1 en los pr\u00f3ximos d\u00edas.<\/p>\n\n\n\n<figure class=\"wp-block-image size-full\"><img fetchpriority=\"high\" decoding=\"async\" width=\"600\" height=\"400\" src=\"https:\/\/diarioahora.com.ar\/wp-content\/uploads\/2026\/09\/r3-15.jpg\" alt=\"\" class=\"wp-image-37247\" srcset=\"https:\/\/diarioahora.com.ar\/wp-content\/uploads\/2026\/09\/r3-15.jpg 600w, https:\/\/diarioahora.com.ar\/wp-content\/uploads\/2026\/09\/r3-15-300x200.jpg 300w\" sizes=\"(max-width: 600px) 100vw, 600px\" \/><\/figure>\n\n\n\n<p class=\"wp-block-paragraph\">El intendente <strong>Pablo Basualdo<\/strong> supervis\u00f3 personalmente las obras en el barrio y mantuvo un di\u00e1logo directo con los vecinos, escuchando sus inquietudes y comprometi\u00e9ndose a brindar <strong>respuestas concretas<\/strong> a las demandas planteadas.<\/p>\n\n\n\n<figure class=\"wp-block-image size-full\"><img decoding=\"async\" width=\"600\" height=\"400\" src=\"https:\/\/diarioahora.com.ar\/wp-content\/uploads\/2026\/09\/r2-2026-09-04T115053.933.jpg\" alt=\"\" class=\"wp-image-37246\" srcset=\"https:\/\/diarioahora.com.ar\/wp-content\/uploads\/2026\/09\/r2-2026-09-04T115053.933.jpg 600w, https:\/\/diarioahora.com.ar\/wp-content\/uploads\/2026\/09\/r2-2026-09-04T115053.933-300x200.jpg 300w\" sizes=\"(max-width: 600px) 100vw, 600px\" \/><\/figure>\n\n\n\n<p class=\"wp-block-paragraph\">Estas acciones forman parte de la pol\u00edtica de <strong>mejoramiento urbano<\/strong> que busca garantizar mejores condiciones de transitabilidad, higiene y seguridad en los barrios de la localidad, reforzando el v\u00ednculo entre la gesti\u00f3n municipal y la comunidad.<\/p>\n","protected":false},"excerpt":{"rendered":"<p>El municipio de Las Lomitas llev\u00f3 adelante un operativo integral en el barrio Emeta, donde cuadrillas municipales realizaron trabajos de mantenimiento del sistema pluvial, arreglo&#8230;<\/p>\n","protected":false},"author":1,"featured_media":37248,"comment_status":"closed","ping_status":"closed","sticky":false,"template":"","format":"standard","meta":{"_jetpack_newsletter_access":"","_jetpack_dont_email_post_to_subs":false,"_jetpack_newsletter_tier_id":0,"_jetpack_memberships_contains_paywalled_content":false,"_jetpack_feature_clip_id":0,"_jetpack_memberships_contains_paid_content":false,"footnotes":"","jetpack_post_was_ever_published":false},"categories":[4],"tags":[],"class_list":["post-37244","post","type-post","status-publish","format-standard","has-post-thumbnail","hentry","category-formosa","entry","double"],"jetpack_sharing_enabled":true,"jetpack_featured_media_url":"https:\/\/diarioahora.com.ar\/wp-content\/uploads\/2026\/09\/r2-2026-09-04T115234.223.jpg","_links":{"self":[{"href":"https:\/\/diarioahora.com.ar\/index.php\/wp-json\/wp\/v2\/posts\/37244","targetHints":{"allow":["GET"]}}],"collection":[{"href":"https:\/\/diarioahora.com.ar\/index.php\/wp-json\/wp\/v2\/posts"}],"about":[{"href":"https:\/\/diarioahora.com.ar\/index.php\/wp-json\/wp\/v2\/types\/post"}],"author":[{"embeddable":true,"href":"https:\/\/diarioahora.com.ar\/index.php\/wp-json\/wp\/v2\/users\/1"}],"replies":[{"embeddable":true,"href":"https:\/\/diarioahora.com.ar\/index.php\/wp-json\/wp\/v2\/comments?post=37244"}],"version-history":[{"count":2,"href":"https:\/\/diarioahora.com.ar\/index.php\/wp-json\/wp\/v2\/posts\/37244\/revisions"}],"predecessor-version":[{"id":37250,"href":"https:\/\/diarioahora.com.ar\/index.php\/wp-json\/wp\/v2\/posts\/37244\/revisions\/37250"}],"wp:featuredmedia":[{"embeddable":true,"href":"https:\/\/diarioahora.com.ar\/index.php\/wp-json\/wp\/v2\/media\/37248"}],"wp:attachment":[{"href":"https:\/\/diarioahora.com.ar\/index.php\/wp-json\/wp\/v2\/media?parent=37244"}],"wp:term":[{"taxonomy":"category","embeddable":true,"href":"https:\/\/diarioahora.com.ar\/index.php\/wp-json\/wp\/v2\/categories?post=37244"},{"taxonomy":"post_tag","embeddable":true,"href":"https:\/\/diarioahora.com.ar\/index.php\/wp-json\/wp\/v2\/tags?post=37244"}],"curies":[{"name":"wp","href":"https:\/\/api.w.org\/{rel}","templated":true}]}}