{"id":37233,"date":"2026-09-04T13:06:43","date_gmt":"2026-09-04T13:06:43","guid":{"rendered":"https:\/\/diarioahora.com.ar\/?p=37233"},"modified":"2026-09-04T13:07:34","modified_gmt":"2026-09-04T13:07:34","slug":"otra-vez-violencia-en-la-unaf-rompieron-y-forzaron-accesos-al-comedor-universitario-de-los-estudiantes","status":"publish","type":"post","link":"https:\/\/diarioahora.com.ar\/index.php\/2026\/09\/04\/otra-vez-violencia-en-la-unaf-rompieron-y-forzaron-accesos-al-comedor-universitario-de-los-estudiantes\/","title":{"rendered":"Otra vez violencia en la &#8220;UNaF&#8221;: rompieron y forzaron accesos al Comedor Universitario de los estudiantes"},"content":{"rendered":"\n<p class=\"wp-block-paragraph\">El Comedor Universitario de la Universidad Nacional de Formosa (UNaF) fue blanco de&nbsp;<strong>un nuevo hecho de vandalismo ocurrido el lunes 31 de agosto<\/strong>, en medio de una serie de episodios que vienen generando preocupaci\u00f3n dentro del campus.<\/p>\n\n\n\n<p class=\"wp-block-paragraph\">Seg\u00fan la informaci\u00f3n conocida, se constat\u00f3 la&nbsp;<strong>rotura del vidrio de la puerta principal de acceso al comedor<\/strong>. Adem\u00e1s, la puerta de emergencia del edificio fue forzada, provocando nuevos da\u00f1os en las instalaciones.<\/p>\n\n\n\n<figure class=\"wp-block-image is-resized\"><a href=\"https:\/\/algoestapasando.com.ar\/wp-content\/uploads\/2026\/09\/WhatsApp-Image-2026-09-03-at-15.57.44.avif\"><img decoding=\"async\" src=\"https:\/\/algoestapasando.com.ar\/wp-content\/uploads\/2026\/09\/WhatsApp-Image-2026-09-03-at-15.57.44-1024x683.avif\" alt=\"\" class=\"wp-image-12971\" style=\"aspect-ratio:1.499267935578331;width:1024px;height:auto\"\/><\/a><\/figure>\n\n\n\n<p class=\"wp-block-paragraph\">El episodio vuelve a poner bajo discusi\u00f3n&nbsp;<strong>las condiciones de seguridad dentro del predio universitario y el resguardo del patrimonio de la UNaF<\/strong>, especialmente despu\u00e9s de otros hechos de violencia registrados recientemente.<\/p>\n\n\n\n<p class=\"wp-block-paragraph\">En \u00e1mbitos universitarios tambi\u00e9n circul\u00f3 la versi\u00f3n de que&nbsp;<strong>las personas que habr\u00edan intentado ingresar al comedor pertenecer\u00edan al c\u00edrculo cercano del cuestionado decano de la Facultad de Humanidades, Rafael Olmedo<\/strong>. Hasta el momento, esa vinculaci\u00f3n no fue confirmada oficialmente.<\/p>\n\n\n\n<figure class=\"wp-block-image is-resized\"><a href=\"https:\/\/algoestapasando.com.ar\/wp-content\/uploads\/2026\/09\/WhatsApp-Image-2026-09-03-at-15.57.43-1.avif\"><img decoding=\"async\" src=\"https:\/\/algoestapasando.com.ar\/wp-content\/uploads\/2026\/09\/WhatsApp-Image-2026-09-03-at-15.57.43-1-1024x683.avif\" alt=\"\" class=\"wp-image-12972\" style=\"aspect-ratio:1.499267935578331;width:1024px;height:auto\"\/><\/a><\/figure>\n\n\n\n<p class=\"wp-block-paragraph\">Los da\u00f1os vuelven a generar inquietud entre estudiantes, docentes y trabajadores no docentes.&nbsp;<strong>Las instalaciones afectadas forman parte del patrimonio p\u00fablico de la Universidad<\/strong>&nbsp;y est\u00e1n destinadas al servicio de toda la comunidad universitaria.<\/p>\n\n\n\n<p class=\"wp-block-paragraph\">(Algo Est\u00e1 Pasando).<\/p>\n","protected":false},"excerpt":{"rendered":"<p>El Comedor Universitario de la Universidad Nacional de Formosa (UNaF) fue blanco de&nbsp;un nuevo hecho de vandalismo ocurrido el lunes 31 de agosto, en medio&#8230;<\/p>\n","protected":false},"author":1,"featured_media":37234,"comment_status":"closed","ping_status":"closed","sticky":false,"template":"","format":"standard","meta":{"_jetpack_newsletter_access":"","_jetpack_dont_email_post_to_subs":false,"_jetpack_newsletter_tier_id":0,"_jetpack_memberships_contains_paywalled_content":false,"_jetpack_feature_clip_id":0,"_jetpack_memberships_contains_paid_content":false,"footnotes":"","jetpack_post_was_ever_published":false},"categories":[4],"tags":[],"class_list":["post-37233","post","type-post","status-publish","format-standard","has-post-thumbnail","hentry","category-formosa","entry","double"],"jetpack_sharing_enabled":true,"jetpack_featured_media_url":"https:\/\/diarioahora.com.ar\/wp-content\/uploads\/2026\/09\/unaf-7.jpg","_links":{"self":[{"href":"https:\/\/diarioahora.com.ar\/index.php\/wp-json\/wp\/v2\/posts\/37233","targetHints":{"allow":["GET"]}}],"collection":[{"href":"https:\/\/diarioahora.com.ar\/index.php\/wp-json\/wp\/v2\/posts"}],"about":[{"href":"https:\/\/diarioahora.com.ar\/index.php\/wp-json\/wp\/v2\/types\/post"}],"author":[{"embeddable":true,"href":"https:\/\/diarioahora.com.ar\/index.php\/wp-json\/wp\/v2\/users\/1"}],"replies":[{"embeddable":true,"href":"https:\/\/diarioahora.com.ar\/index.php\/wp-json\/wp\/v2\/comments?post=37233"}],"version-history":[{"count":1,"href":"https:\/\/diarioahora.com.ar\/index.php\/wp-json\/wp\/v2\/posts\/37233\/revisions"}],"predecessor-version":[{"id":37235,"href":"https:\/\/diarioahora.com.ar\/index.php\/wp-json\/wp\/v2\/posts\/37233\/revisions\/37235"}],"wp:featuredmedia":[{"embeddable":true,"href":"https:\/\/diarioahora.com.ar\/index.php\/wp-json\/wp\/v2\/media\/37234"}],"wp:attachment":[{"href":"https:\/\/diarioahora.com.ar\/index.php\/wp-json\/wp\/v2\/media?parent=37233"}],"wp:term":[{"taxonomy":"category","embeddable":true,"href":"https:\/\/diarioahora.com.ar\/index.php\/wp-json\/wp\/v2\/categories?post=37233"},{"taxonomy":"post_tag","embeddable":true,"href":"https:\/\/diarioahora.com.ar\/index.php\/wp-json\/wp\/v2\/tags?post=37233"}],"curies":[{"name":"wp","href":"https:\/\/api.w.org\/{rel}","templated":true}]}}