{"id":37227,"date":"2026-09-03T02:08:13","date_gmt":"2026-09-03T02:08:13","guid":{"rendered":"https:\/\/diarioahora.com.ar\/?p=37227"},"modified":"2026-09-03T02:08:15","modified_gmt":"2026-09-03T02:08:15","slug":"escandalo-en-la-policia-de-iguazu-detuvieron-a-dos-efectivos-este-miercoles-por-una-causa-por-extorsion","status":"publish","type":"post","link":"https:\/\/diarioahora.com.ar\/index.php\/2026\/09\/03\/escandalo-en-la-policia-de-iguazu-detuvieron-a-dos-efectivos-este-miercoles-por-una-causa-por-extorsion\/","title":{"rendered":"Esc\u00e1ndalo en la Polic\u00eda de Iguaz\u00fa: detuvieron a dos efectivos este mi\u00e9rcoles por una causa por extorsi\u00f3n"},"content":{"rendered":"\n<p class=\"wp-block-paragraph\">Dos suboficiales de la\u00a0<strong>Polic\u00eda de Misiones fueron detenidos este mi\u00e9rcoles en Puerto Iguaz\u00fa<\/strong>\u00a0y apartados de la fuerza, en el marco de una investigaci\u00f3n judicial por presuntas irregularidades que habr\u00edan ocurrido en la secci\u00f3n de Resguardo de Detenidos de la Unidad Regional V.<\/p>\n\n\n\n<p class=\"wp-block-paragraph\">La investigaci\u00f3n se inici\u00f3 a partir de la denuncia de un hombre que hab\u00eda permanecido detenido en ese sector y que manifest\u00f3 haber sufrido&nbsp;<strong>malos tratos<\/strong>, adem\u00e1s de se\u00f1alar una serie de presuntas irregularidades vinculadas al funcionamiento interno del lugar.<\/p>\n\n\n\n<p class=\"wp-block-paragraph\">A ra\u00edz de la denuncia, la Jefatura de Polic\u00eda dispuso una investigaci\u00f3n interna a trav\u00e9s de la&nbsp;<strong>Direcci\u00f3n de Asuntos Internos<\/strong>, que llev\u00f3 adelante distintas diligencias para determinar qu\u00e9 hab\u00eda ocurrido y establecer eventuales responsabilidades.<\/p>\n\n\n\n<h3 class=\"wp-block-heading\">Allanamientos y detenciones<\/h3>\n\n\n\n<p class=\"wp-block-paragraph\">Los elementos reunidos durante la investigaci\u00f3n fueron puestos en conocimiento del&nbsp;<strong>Juzgado de Instrucci\u00f3n N.\u00ba 3 de Puerto Iguaz\u00fa<\/strong>. En paralelo, se iniciaron actuaciones administrativas dentro de la instituci\u00f3n.<\/p>\n\n\n\n<p class=\"wp-block-paragraph\">A partir de las evidencias incorporadas a la causa, la Justicia orden\u00f3&nbsp;<strong>allanamientos, secuestros y detenciones<\/strong>&nbsp;para investigar presuntos hechos de&nbsp;<strong>extorsi\u00f3n, exacciones ilegales, cohecho pasivo, apremios ilegales, vejaciones y encubrimiento<\/strong>.<\/p>\n\n\n\n<p class=\"wp-block-paragraph\">Las medidas se concretaron alrededor de las&nbsp;<strong>7 de este mi\u00e9rcoles 2 de septiembre<\/strong>.<\/p>\n\n\n\n<p class=\"wp-block-paragraph\">En ese marco fueron detenidos el&nbsp;<strong>sargento Rafael A.<\/strong>, quien prestaba servicios en la Comisar\u00eda Segunda, y el&nbsp;<strong>agente Rodrigo A.<\/strong>, perteneciente al Comando Radioel\u00e9ctrico de Iguaz\u00fa.<\/p>\n\n\n\n<p class=\"wp-block-paragraph\">Adem\u00e1s, los investigadores secuestraron los&nbsp;<strong>tel\u00e9fonos celulares de ambos efectivos<\/strong>, que ser\u00e1n incorporados a la causa para las pericias correspondientes.<\/p>\n\n\n\n<p class=\"wp-block-paragraph\">Los dos polic\u00edas quedaron alojados y&nbsp;<strong>a disposici\u00f3n del magistrado interviniente<\/strong>. Por disposici\u00f3n de la Jefatura, tambi\u00e9n fueron inmediatamente apartados de la instituci\u00f3n.<\/p>\n\n\n\n<p class=\"wp-block-paragraph\">Mientras avanza la investigaci\u00f3n judicial, contin\u00faan las actuaciones administrativas para determinar el alcance de los hechos y establecer si existen&nbsp;<strong>otras responsabilidades<\/strong>.<\/p>\n\n\n\n<p class=\"wp-block-paragraph\">Desde la fuerza remarcaron que la intervenci\u00f3n responde a la pol\u00edtica de&nbsp;<strong>tolerancia cero frente a cualquier conducta que se aparte de la ley<\/strong>, incluso cuando las sospechas involucren a integrantes de la propia instituci\u00f3n.<\/p>\n\n\n\n<p class=\"wp-block-paragraph\">(Misiones Cuatro).<\/p>\n","protected":false},"excerpt":{"rendered":"<p>Dos suboficiales de la\u00a0Polic\u00eda de Misiones fueron detenidos este mi\u00e9rcoles en Puerto Iguaz\u00fa\u00a0y apartados de la fuerza, en el marco de una investigaci\u00f3n judicial por&#8230;<\/p>\n","protected":false},"author":1,"featured_media":37228,"comment_status":"closed","ping_status":"closed","sticky":false,"template":"","format":"standard","meta":{"_jetpack_newsletter_access":"","_jetpack_dont_email_post_to_subs":false,"_jetpack_newsletter_tier_id":0,"_jetpack_memberships_contains_paywalled_content":false,"_jetpack_feature_clip_id":0,"_jetpack_memberships_contains_paid_content":false,"footnotes":"","jetpack_post_was_ever_published":false},"categories":[6],"tags":[],"class_list":["post-37227","post","type-post","status-publish","format-standard","has-post-thumbnail","hentry","category-misiones","entry","double"],"jetpack_sharing_enabled":true,"jetpack_featured_media_url":"https:\/\/diarioahora.com.ar\/wp-content\/uploads\/2026\/09\/r2-5.jpg","_links":{"self":[{"href":"https:\/\/diarioahora.com.ar\/index.php\/wp-json\/wp\/v2\/posts\/37227","targetHints":{"allow":["GET"]}}],"collection":[{"href":"https:\/\/diarioahora.com.ar\/index.php\/wp-json\/wp\/v2\/posts"}],"about":[{"href":"https:\/\/diarioahora.com.ar\/index.php\/wp-json\/wp\/v2\/types\/post"}],"author":[{"embeddable":true,"href":"https:\/\/diarioahora.com.ar\/index.php\/wp-json\/wp\/v2\/users\/1"}],"replies":[{"embeddable":true,"href":"https:\/\/diarioahora.com.ar\/index.php\/wp-json\/wp\/v2\/comments?post=37227"}],"version-history":[{"count":1,"href":"https:\/\/diarioahora.com.ar\/index.php\/wp-json\/wp\/v2\/posts\/37227\/revisions"}],"predecessor-version":[{"id":37229,"href":"https:\/\/diarioahora.com.ar\/index.php\/wp-json\/wp\/v2\/posts\/37227\/revisions\/37229"}],"wp:featuredmedia":[{"embeddable":true,"href":"https:\/\/diarioahora.com.ar\/index.php\/wp-json\/wp\/v2\/media\/37228"}],"wp:attachment":[{"href":"https:\/\/diarioahora.com.ar\/index.php\/wp-json\/wp\/v2\/media?parent=37227"}],"wp:term":[{"taxonomy":"category","embeddable":true,"href":"https:\/\/diarioahora.com.ar\/index.php\/wp-json\/wp\/v2\/categories?post=37227"},{"taxonomy":"post_tag","embeddable":true,"href":"https:\/\/diarioahora.com.ar\/index.php\/wp-json\/wp\/v2\/tags?post=37227"}],"curies":[{"name":"wp","href":"https:\/\/api.w.org\/{rel}","templated":true}]}}