{"id":37221,"date":"2026-09-03T01:58:29","date_gmt":"2026-09-03T01:58:29","guid":{"rendered":"https:\/\/diarioahora.com.ar\/?p=37221"},"modified":"2026-09-03T01:58:30","modified_gmt":"2026-09-03T01:58:30","slug":"este-viernes-inicia-formalmente-la-expo-rural-de-formosa-con-espectaculos-artisticos-feria-artesanal-y-gastronomia-regional","status":"publish","type":"post","link":"https:\/\/diarioahora.com.ar\/index.php\/2026\/09\/03\/este-viernes-inicia-formalmente-la-expo-rural-de-formosa-con-espectaculos-artisticos-feria-artesanal-y-gastronomia-regional\/","title":{"rendered":"Este viernes inicia formalmente La Expo Rural de Formosa con espect\u00e1culos art\u00edsticos, feria artesanal y gastronom\u00eda regional"},"content":{"rendered":"\n<p class=\"wp-block-paragraph\">Con una propuesta integral para el sector productivo y la comunidad, la Sociedad Rural de Formosa ultim\u00f3 los detalles para la 81\u00aa Exposici\u00f3n Nacional de Ganader\u00eda, Agricultura, Granja, Industria, Comercio y Artesan\u00edas. El evento comenzar\u00e1 formalmente este viernes 4 de septiembre en el tradicional predio de Villa del Carmen \u2014ubicado sobre la Ruta Nacional 11\u2014 con acceso completamente libre y gratuito durante todas sus jornadas, seg\u00fan confirm\u00f3 el titular de la entidad, Alfredo Maglietti. La muestra contar\u00e1 adem\u00e1s con el respaldo institucional del presidente de Confederaciones Rurales Argentinas (CRA), quien encabezar\u00e1 la delegaci\u00f3n de autoridades nacionales.<br>Aunque la actividad en el recinto ferial iniciar\u00e1 sobre el cierre de la semana, la agenda t\u00e9cnica tendr\u00e1 su punto de partida este mi\u00e9rcoles a las 19:00 en la sede de De\u00e1n Funes 772. All\u00ed, el ingeniero agr\u00f3nomo Tom\u00e1s Mutti ofrecer\u00e1 una disertaci\u00f3n sobre la coyuntura y las oportunidades del mercado c\u00e1rnico, en una charla auspiciada por el Instituto de Promoci\u00f3n de la Carne Vacuna Argentina (IPCVA).<br>El viernes, la acci\u00f3n se trasladar\u00e1 de lleno a la pista con el trabajo de los jurados de admisi\u00f3n y clasificaci\u00f3n. El programa matutino estar\u00e1 dedicado a las evaluaciones de los mejores ejemplares de las razas Brangus, Braford y Brahman, Bufalos, ganado menor (ovinos, porcinos y caprinos) y equinos.<br>La ceremonia oficial de inauguraci\u00f3n y el tradicional desfile de campeones tendr\u00e1n lugar el s\u00e1bado a las 10:30 en la pista principal. El acto servir\u00e1 adem\u00e1s para presentar en sociedad la infraestructura del predio: un Sal\u00f3n de Usos M\u00faltiples (SUM) recientemente edificado, flanqueado por nuevas veredas perimetrales y un m\u00f3dulo sanitario \u00edntegramente remodelado. Maglietti ponder\u00f3 estas obras al destacar que fueron concretadas con fondos propios de la entidad y el aporte desinteresado de familias y empresas socias, asegurando mayor comodidad para futuros remates y agasajos.<\/p>\n\n\n\n<p class=\"wp-block-paragraph\">Mercado ganadero<br>y grandes subastas<\/p>\n\n\n\n<p class=\"wp-block-paragraph\">La actividad comercial tendr\u00e1 un peso central bajo la firma de la consignataria Don Ra\u00fal. Seg\u00fan precis\u00f3 Bernardo Maglietti, la subasta del s\u00e1bado por la tarde concentrar\u00e1 la venta de reproductores bovinos \u2014con un lote compuesto por 35 toros y 15 vaquillonas pre\u00f1adas\u2014, a la que se sumar\u00e1n 250 cabezas bubalinas repartidas entre vaquillas, reproductores con servicio e invernada. El cat\u00e1logo de esa jornada se completar\u00e1 con equinos seleccionados entre padrillos, animales de monta y potros. Las ventas culminar\u00e1n el domingo con el remate de ganado menor, donde saldr\u00e1n a la pista 65 ejemplares ovinos junto a una variada oferta de ovinos, caprinos y porcinos.<\/p>\n\n\n\n<p class=\"wp-block-paragraph\">Gastronom\u00eda,<br>destrezas y<br>grilla musical<\/p>\n\n\n\n<p class=\"wp-block-paragraph\">M\u00e1s all\u00e1 de los negocios, la Expo desplegar\u00e1 un abanico de atracciones familiares que combinar\u00e1 sabores regionales como el tradicional asado, hamburguesas y cortes de carne de b\u00fafalo. A lo largo del predio, los visitantes podr\u00e1n recorrer la muestra de aves ex\u00f3ticas de Loro Park de Corrientes, visitar el serpentario del Regimiento de Infanter\u00eda de Monte 29 o presenciar los despliegues de la Polic\u00eda Montada y los canes entrenados. La oferta recreativa sumar\u00e1 paseos guiados a caballo, pruebas de destreza criolla, demostraciones de malambo y la adrenalina del motocross con la prueba de aceleraci\u00f3n Holeshot en 100 metros, que ya re\u00fane a m\u00e1s de cien pilotos inscriptos.<br>Las noches feriales cerrar\u00e1n al ritmo del festival en vivo. La velada del s\u00e1bado encender\u00e1 el escenario con los shows de Juventud Formose\u00f1a, Los Hermanos Ojeda y Nery Br\u00edtez, para coronar la jornada con el baile popular a cargo de Lucas y La Sub 21. El domingo, el broche de oro folcl\u00f3rico llegar\u00e1 de la mano de Hacheral, Herencia Ledezma, Tito \u00c1balos, la agrupaci\u00f3n Ra\u00edz y el d\u00fao Nacho y Juanse.<br>Para empresas, comercios y emprendedores interesados en sumarse al paseo comercial y artesanal, la organizaci\u00f3n mantiene habilitadas las v\u00edas de contacto a trav\u00e9s del tel\u00e9fono y WhatsApp 3704 240403 para adjudicar los \u00faltimos espacios disponibles.<\/p>\n\n\n\n<p class=\"wp-block-paragraph\">(Diario Formosa Expr\u00e9s).<\/p>\n","protected":false},"excerpt":{"rendered":"<p>Con una propuesta integral para el sector productivo y la comunidad, la Sociedad Rural de Formosa ultim\u00f3 los detalles para la 81\u00aa Exposici\u00f3n Nacional de&#8230;<\/p>\n","protected":false},"author":1,"featured_media":37222,"comment_status":"closed","ping_status":"closed","sticky":false,"template":"","format":"standard","meta":{"_jetpack_newsletter_access":"","_jetpack_dont_email_post_to_subs":false,"_jetpack_newsletter_tier_id":0,"_jetpack_memberships_contains_paywalled_content":false,"_jetpack_feature_clip_id":0,"_jetpack_memberships_contains_paid_content":false,"footnotes":"","jetpack_post_was_ever_published":false},"categories":[4],"tags":[],"class_list":["post-37221","post","type-post","status-publish","format-standard","has-post-thumbnail","hentry","category-formosa","entry","double"],"jetpack_sharing_enabled":true,"jetpack_featured_media_url":"https:\/\/diarioahora.com.ar\/wp-content\/uploads\/2026\/09\/r2-4.jpg","_links":{"self":[{"href":"https:\/\/diarioahora.com.ar\/index.php\/wp-json\/wp\/v2\/posts\/37221","targetHints":{"allow":["GET"]}}],"collection":[{"href":"https:\/\/diarioahora.com.ar\/index.php\/wp-json\/wp\/v2\/posts"}],"about":[{"href":"https:\/\/diarioahora.com.ar\/index.php\/wp-json\/wp\/v2\/types\/post"}],"author":[{"embeddable":true,"href":"https:\/\/diarioahora.com.ar\/index.php\/wp-json\/wp\/v2\/users\/1"}],"replies":[{"embeddable":true,"href":"https:\/\/diarioahora.com.ar\/index.php\/wp-json\/wp\/v2\/comments?post=37221"}],"version-history":[{"count":1,"href":"https:\/\/diarioahora.com.ar\/index.php\/wp-json\/wp\/v2\/posts\/37221\/revisions"}],"predecessor-version":[{"id":37223,"href":"https:\/\/diarioahora.com.ar\/index.php\/wp-json\/wp\/v2\/posts\/37221\/revisions\/37223"}],"wp:featuredmedia":[{"embeddable":true,"href":"https:\/\/diarioahora.com.ar\/index.php\/wp-json\/wp\/v2\/media\/37222"}],"wp:attachment":[{"href":"https:\/\/diarioahora.com.ar\/index.php\/wp-json\/wp\/v2\/media?parent=37221"}],"wp:term":[{"taxonomy":"category","embeddable":true,"href":"https:\/\/diarioahora.com.ar\/index.php\/wp-json\/wp\/v2\/categories?post=37221"},{"taxonomy":"post_tag","embeddable":true,"href":"https:\/\/diarioahora.com.ar\/index.php\/wp-json\/wp\/v2\/tags?post=37221"}],"curies":[{"name":"wp","href":"https:\/\/api.w.org\/{rel}","templated":true}]}}