{"id":37218,"date":"2026-09-03T01:50:01","date_gmt":"2026-09-03T01:50:01","guid":{"rendered":"https:\/\/diarioahora.com.ar\/?p=37218"},"modified":"2026-09-03T01:50:02","modified_gmt":"2026-09-03T01:50:02","slug":"la-justicia-imputo-a-los-dos-exjefes-de-la-policia-de-investigaciones-por-encubrir-a-vendedores-de-droga-en-el-sur-de-santa-fe","status":"publish","type":"post","link":"https:\/\/diarioahora.com.ar\/index.php\/2026\/09\/03\/la-justicia-imputo-a-los-dos-exjefes-de-la-policia-de-investigaciones-por-encubrir-a-vendedores-de-droga-en-el-sur-de-santa-fe\/","title":{"rendered":"La justicia imput\u00f3 a los dos exjefes de la Polic\u00eda de Investigaciones por encubrir a vendedores de droga en el sur de Santa Fe"},"content":{"rendered":"\n<p class=\"wp-block-paragraph\">Dos exjefes policiales fueron imputados por encubrir el accionar de personas investigadas por la venta de\u00a0<strong>drogas<\/strong>\u00a0en el sur de la provincia de\u00a0<strong>Santa Fe<\/strong>\u00a0y por incumplir sus deberes como funcionarios p\u00fablicos. Sus iniciales son DHG y BND y, respectivamente, eran el Jefe y el Subjefe de la\u00a0<strong>Divisi\u00f3n Microtr\u00e1fico<\/strong>\u00a0de la\u00a0<strong>Polic\u00eda de Investigaciones (PDI)<\/strong>\u00a0de\u00a0<strong>Venado Tuerto<\/strong>.<\/p>\n\n\n\n<p class=\"wp-block-paragraph\">Las atribuciones fueron realizadas en dos audiencias que se desarrollaron hoy ante el juez Aldo Baravalle en los tribunales de Melincu\u00e9. Por parte del MPA, participaron el Fiscal Regional de la Tercera Circunscripci\u00f3n, Mauricio Clavero; el fiscal Jefe de la Unidad Fiscal Especializada (UFE) en Microtr\u00e1fico de la Fiscal\u00eda General, Franco Carbone; el fiscal de esa UFE, Luis Lagioia, y la fiscal de la Unidad Fiscal Firmat, Ana Bel\u00e9n Stampella.<\/p>\n\n\n\n<p class=\"wp-block-paragraph\">Los dos investigados hab\u00edan sido detenidos el martes de la semana pasada en el marco de seis allanamientos. A pesar de que los fiscales hoy solicitaron la prisi\u00f3n preventiva para ambos, el juez dispuso que transiten el proceso judicial con cautelares no privativas de la libertad.<\/p>\n\n\n\n<p class=\"wp-block-paragraph\">Al imputado de iniciales DHG se le orden\u00f3 constituir domicilio en Elortondo (departamento General L\u00f3pez) y firmar cuatro veces por semana en el Juzgado Comunitario de Peque\u00f1as Causas de esa localidad. A su vez, se le prohibi\u00f3 salir del pa\u00eds, ingresar a cualquier dependencia policial, tener armas de fuego y contactarse con las dem\u00e1s personas investigadas en este legajo penal.<\/p>\n\n\n\n<p class=\"wp-block-paragraph\">Por su parte, el otro uniformado imputado tendr\u00e1 que constituir domicilio en Venado Tuerto y presentarse tres veces por sermana a firmar en la Oficina de Gesti\u00f3n Judicial (OGJ) de los tribunales venadenses. Tambi\u00e9n se le prohibi\u00f3 salir del pa\u00eds, ingresar a cualquier dependencia policial, tener armas de fuego y contactarse con otras personas investigadas.<\/p>\n\n\n\n<h2 class=\"wp-block-heading\">Informaci\u00f3n de car\u00e1cter reservado<\/h2>\n\n\n\n<p class=\"wp-block-paragraph\">Lagioia indic\u00f3 que \u201cal hombre que era Jefe del \u00e1rea de Microtr\u00e1fico de la PDI de Venado Tuerto le atribuimos haber facilitado informaci\u00f3n confidencial a un condenado por la Justicia Federal por la venta de drogas\u201d. En tal sentido, agreg\u00f3 que \u201ca partir de las evidencias que recolectamos hasta el momento, en la audiencia planteamos que el accionar delictivo comenz\u00f3 en marzo de este a\u00f1o y continu\u00f3 hasta la semana pasada, cuando se concretaron las detenciones\u201d.<\/p>\n\n\n\n<p class=\"wp-block-paragraph\">Asimismo, el funcionario del MPA sostuvo que \u201caprovech\u00e1ndose de que por su cargo ten\u00eda acceso a informaci\u00f3n de car\u00e1cter reservado, el imputado de iniciales DHG le advirti\u00f3 al vendedor de droga condenado que se iban a realizar allanamientos\u201d. Seg\u00fan se\u00f1al\u00f3, \u201clo hizo con el objetivo de frustrar las diligencias y favorecerlo garantiz\u00e1ndole impunidad\u201d.<\/p>\n\n\n\n<h2 class=\"wp-block-heading\">\u201cFacilit\u00f3 la huida\u201d<\/h2>\n\n\n\n<p class=\"wp-block-paragraph\">En cuanto a los il\u00edcitos atribuidos al Subjefe policial al que se investiga, Stampella precis\u00f3 que \u201cen un allanamiento que se realiz\u00f3 el viernes 24 de julio en una vivienda de Firmat, el imputado aprovech\u00f3 que \u00e9l estaba a cargo de la diligencia y facilit\u00f3 la huida de un hombre al que se le hab\u00eda impuesto judicialmente una prohibici\u00f3n de ingreso a la ciudad y estaba siendo investigado por la Justicia Federal por la venta de droga\u201d.<\/p>\n\n\n\n<p class=\"wp-block-paragraph\">La fiscal puntualiz\u00f3 que \u201cantes de que ingrese a la casa el grupo t\u00e1ctico que deb\u00eda hacerlo, el imputado de iniciales BND entr\u00f3 por sus propios medios, a punta de pistola, diciendo: \u2018Afuera o los quemo\u2019\u201d, y a\u00f1adi\u00f3 que \u201clo hizo porque sab\u00eda que en esa casa estaba la persona investigada por comercializar estupefacientes que \u00e9l conoc\u00eda\u201d.<\/p>\n\n\n\n<p class=\"wp-block-paragraph\">Adem\u00e1s, Stampella subray\u00f3 que \u201cal exfuncionario policial tambi\u00e9n se le atribuy\u00f3 no haber confeccionado el acta en la que deb\u00eda dejar constancia de la presencia del vendedor de droga y de su fuga\u201d.<\/p>\n\n\n\n<h2 class=\"wp-block-heading\">Calificaciones penales<\/h2>\n\n\n\n<p class=\"wp-block-paragraph\">Al exjefe policial se le endilg\u00f3 la autor\u00eda de los delitos de encubrimiento doblemente agravado (por ser funcionario p\u00fablico y por tratarse de un delito especialmente grave), incumplimiento de los deberes de funcionario p\u00fablico y revelaci\u00f3n de secretos.<\/p>\n\n\n\n<p class=\"wp-block-paragraph\">Por su parte, al exsubjefe se le atribuy\u00f3 ser autor de encubrimiento agravado (por ser funcionario p\u00fablico) e incumplimiento de los deberes de funcionario p\u00fablico.<\/p>\n\n\n\n<p class=\"wp-block-paragraph\">(Aire de Santa Fe).<\/p>\n","protected":false},"excerpt":{"rendered":"<p>Dos exjefes policiales fueron imputados por encubrir el accionar de personas investigadas por la venta de\u00a0drogas\u00a0en el sur de la provincia de\u00a0Santa Fe\u00a0y por incumplir&#8230;<\/p>\n","protected":false},"author":1,"featured_media":37219,"comment_status":"closed","ping_status":"closed","sticky":false,"template":"","format":"standard","meta":{"_jetpack_newsletter_access":"","_jetpack_dont_email_post_to_subs":false,"_jetpack_newsletter_tier_id":0,"_jetpack_memberships_contains_paywalled_content":false,"_jetpack_feature_clip_id":0,"_jetpack_memberships_contains_paid_content":false,"footnotes":"","jetpack_post_was_ever_published":false},"categories":[11],"tags":[],"class_list":["post-37218","post","type-post","status-publish","format-standard","has-post-thumbnail","hentry","category-santa-fe","entry","double"],"jetpack_sharing_enabled":true,"jetpack_featured_media_url":"https:\/\/diarioahora.com.ar\/wp-content\/uploads\/2026\/09\/r2-7.webp","_links":{"self":[{"href":"https:\/\/diarioahora.com.ar\/index.php\/wp-json\/wp\/v2\/posts\/37218","targetHints":{"allow":["GET"]}}],"collection":[{"href":"https:\/\/diarioahora.com.ar\/index.php\/wp-json\/wp\/v2\/posts"}],"about":[{"href":"https:\/\/diarioahora.com.ar\/index.php\/wp-json\/wp\/v2\/types\/post"}],"author":[{"embeddable":true,"href":"https:\/\/diarioahora.com.ar\/index.php\/wp-json\/wp\/v2\/users\/1"}],"replies":[{"embeddable":true,"href":"https:\/\/diarioahora.com.ar\/index.php\/wp-json\/wp\/v2\/comments?post=37218"}],"version-history":[{"count":1,"href":"https:\/\/diarioahora.com.ar\/index.php\/wp-json\/wp\/v2\/posts\/37218\/revisions"}],"predecessor-version":[{"id":37220,"href":"https:\/\/diarioahora.com.ar\/index.php\/wp-json\/wp\/v2\/posts\/37218\/revisions\/37220"}],"wp:featuredmedia":[{"embeddable":true,"href":"https:\/\/diarioahora.com.ar\/index.php\/wp-json\/wp\/v2\/media\/37219"}],"wp:attachment":[{"href":"https:\/\/diarioahora.com.ar\/index.php\/wp-json\/wp\/v2\/media?parent=37218"}],"wp:term":[{"taxonomy":"category","embeddable":true,"href":"https:\/\/diarioahora.com.ar\/index.php\/wp-json\/wp\/v2\/categories?post=37218"},{"taxonomy":"post_tag","embeddable":true,"href":"https:\/\/diarioahora.com.ar\/index.php\/wp-json\/wp\/v2\/tags?post=37218"}],"curies":[{"name":"wp","href":"https:\/\/api.w.org\/{rel}","templated":true}]}}