{"id":37215,"date":"2026-09-03T01:43:47","date_gmt":"2026-09-03T01:43:47","guid":{"rendered":"https:\/\/diarioahora.com.ar\/?p=37215"},"modified":"2026-09-03T01:43:48","modified_gmt":"2026-09-03T01:43:48","slug":"la-justicia-federal-pidio-hasta-15-anos-de-prision-para-los-policias-chaquenos-acusados-de-robar-drogas-durante-un-operativo-de-quema","status":"publish","type":"post","link":"https:\/\/diarioahora.com.ar\/index.php\/2026\/09\/03\/la-justicia-federal-pidio-hasta-15-anos-de-prision-para-los-policias-chaquenos-acusados-de-robar-drogas-durante-un-operativo-de-quema\/","title":{"rendered":"La justicia Federal pidi\u00f3 hasta 15 a\u00f1os de prisi\u00f3n para los polic\u00edas chaque\u00f1os acusados de robar drogas durante un operativo de quema"},"content":{"rendered":"\n<p class=\"wp-block-paragraph\">El fiscal federal Patricio Sabadini present\u00f3 la acusaci\u00f3n formal en el marco de la causa que investiga a ocho miembros de la Polic\u00eda de la Provincia del Chaco por la sustracci\u00f3n de 9,490 kilogramos de coca\u00edna.<\/p>\n\n\n\n<p class=\"wp-block-paragraph\">La sustancia, valuada en m\u00e1s de 142.000 d\u00f3lares, iba a ser quemada en un procedimiento oficial realizado en el Pol\u00edgono de Tiro de Colonia Ben\u00edtez.<\/p>\n\n\n\n<p class=\"wp-block-paragraph\">Seg\u00fan la investigaci\u00f3n fiscal, los imputados actuaron de manera coordinada aprovechando sus cargos dentro de la fuerza de seguridad, contemplando la extracci\u00f3n f\u00edsica de la droga, el uso de r\u00e9plicas de yeso para simular el peso real y la posterior colocaci\u00f3n del estupefaciente robado en el mercado il\u00edcito.&nbsp;<\/p>\n\n\n\n<p class=\"wp-block-paragraph\">El hecho se ejecut\u00f3 el 18 de diciembre de 2025 y la sustracci\u00f3n fue detectada por el Secretario Penal del Juzgado Federal N\u00b0 2 de Resistencia, quien fiscalizaba la incineraci\u00f3n de los secuestros judiciales.<\/p>\n\n\n\n<p class=\"wp-block-paragraph\">Durante el traslado del pen\u00faltimo cargamento, el funcionario advirti\u00f3 movimientos sospechosos del cabo primero Gustavo Andr\u00e9s Quizama al llevar las cajas hacia la camioneta oficial conducida por el subcomisario Franco Andr\u00e9s Ram\u00edrez. Ante la sospecha, el secretario solicit\u00f3 detener la marcha y repetir el pesaje, pero el veh\u00edculo avanz\u00f3 unos metros antes de frenar.<\/p>\n\n\n\n<p class=\"wp-block-paragraph\">Al pesar nuevamente la caja de telgopor, arroj\u00f3 un faltante superior a un kilogramo. La requisa inmediata sobre la camioneta permiti\u00f3 descubrir, ocultos debajo de los asientos y en mochilas de los efectivos, un total de nueve paquetes rectangulares de coca\u00edna robados de distintas causas judiciales.<\/p>\n\n\n\n<figure class=\"wp-block-image is-resized\"><img decoding=\"async\" src=\"https:\/\/source.diarionorte.com\/content\/bucket\/6\/470356w440h289c.jpg\" alt=\"5\" style=\"aspect-ratio:1.5224913494809689;width:440px;height:auto\"\/><figcaption class=\"wp-element-caption\">La sustancia, valuada en m\u00e1s de 142.000 d\u00f3lares, iba a ser quemada en un procedimiento oficial realizado en el Pol\u00edgono de Tiro de Colonia Ben\u00edtez.<\/figcaption><\/figure>\n\n\n\n<p class=\"wp-block-paragraph\"><strong>ACUSADOS<\/strong><\/p>\n\n\n\n<p class=\"wp-block-paragraph\">Seg\u00fan la acusaci\u00f3n, el comisario&nbsp;<strong>Rub\u00e9n H\u00e9ctor C\u00e9sar Alegre<\/strong>, como jefe de la Divisi\u00f3n Operaciones Metropolitana, es se\u00f1alado como el cerebro de la organizaci\u00f3n por alterar el orden del procedimiento para postergar el pesaje de la coca\u00edna e instruir a sus subordinados.<\/p>\n\n\n\n<p class=\"wp-block-paragraph\">El subcomisario&nbsp;<strong>Franco Andr\u00e9s Ram\u00edrez<\/strong>&nbsp;actu\u00f3 como coautor al conducir la camioneta y desobedecer la orden de detenerse, mientras que el cabo primero&nbsp;<strong>Gustavo Andr\u00e9s Quizama<\/strong>&nbsp;fue el ejecutor material del robo en el predio.<\/p>\n\n\n\n<p class=\"wp-block-paragraph\">Por su parte, el cabo&nbsp;<strong>N\u00e9stor Ariel Urne Canteros<\/strong>&nbsp;se encarg\u00f3 de fabricar r\u00e9plicas de coca\u00edna con ladrillos de yeso para enga\u00f1ar el control de balanza, y el cabo primero&nbsp;<strong>Juan Nicol\u00e1s Almir\u00f3n N\u00fa\u00f1ez<\/strong>&nbsp;transportaba droga en su mochila mientras coordinaba un comprador en el mercado negro.<\/p>\n\n\n\n<p class=\"wp-block-paragraph\">El sargento&nbsp;<strong>Gustavo Jes\u00fas Acosta<\/strong>&nbsp;brind\u00f3 custodia al veh\u00edculo oficial, el cabo&nbsp;<strong>Gast\u00f3n Ezequiel Villalba<\/strong>&nbsp;aport\u00f3 apoyo log\u00edstico externo sugiriendo insumos para armar los falsos panes de yeso, y el cabo primero&nbsp;<strong>Francisco Lucas Leonel Garc\u00eda<\/strong>&nbsp;fue asignado a la comercializaci\u00f3n ilegal del cargamento.<\/p>\n\n\n\n<p class=\"wp-block-paragraph\">En virtud de la calificaci\u00f3n legal por tenencia de estupefacientes con fines de comercializaci\u00f3n agravada en concurso real con peculado, Sabadini formaliz\u00f3 los pedidos de pena para cada uno de los acusados. Se solicit\u00f3 la pena m\u00e1xima de 15 a\u00f1os de prisi\u00f3n para el comisario Rub\u00e9n H\u00e9ctor C\u00e9sar Alegre.<\/p>\n\n\n\n<p class=\"wp-block-paragraph\">Asimismo, la fiscal\u00eda requiri\u00f3 12 a\u00f1os de prisi\u00f3n para el subcomisario Franco Andr\u00e9s Ram\u00edrez y 11 a\u00f1os de prisi\u00f3n para los cabos Gustavo Andr\u00e9s Quizama, N\u00e9stor Ariel Urne Canteros y Juan Nicol\u00e1s Almir\u00f3n N\u00fa\u00f1ez. Finalmente, se solicitaron 8 a\u00f1os de prisi\u00f3n para el sargento Gustavo Jes\u00fas Acosta, el cabo Gast\u00f3n Ezequiel Villalba y el cabo primero Francisco Lucas Leonel Garc\u00eda.<\/p>\n\n\n\n<p class=\"wp-block-paragraph\">(Diario Norte).<\/p>\n","protected":false},"excerpt":{"rendered":"<p>El fiscal federal Patricio Sabadini present\u00f3 la acusaci\u00f3n formal en el marco de la causa que investiga a ocho miembros de la Polic\u00eda de la&#8230;<\/p>\n","protected":false},"author":1,"featured_media":37216,"comment_status":"closed","ping_status":"closed","sticky":false,"template":"","format":"standard","meta":{"_jetpack_newsletter_access":"","_jetpack_dont_email_post_to_subs":false,"_jetpack_newsletter_tier_id":0,"_jetpack_memberships_contains_paywalled_content":false,"_jetpack_feature_clip_id":0,"_jetpack_memberships_contains_paid_content":false,"footnotes":"","jetpack_post_was_ever_published":false},"categories":[3],"tags":[],"class_list":["post-37215","post","type-post","status-publish","format-standard","has-post-thumbnail","hentry","category-chaco","entry","double"],"jetpack_sharing_enabled":true,"jetpack_featured_media_url":"https:\/\/diarioahora.com.ar\/wp-content\/uploads\/2026\/09\/r2-2026-09-02T224325.256.jpg","_links":{"self":[{"href":"https:\/\/diarioahora.com.ar\/index.php\/wp-json\/wp\/v2\/posts\/37215","targetHints":{"allow":["GET"]}}],"collection":[{"href":"https:\/\/diarioahora.com.ar\/index.php\/wp-json\/wp\/v2\/posts"}],"about":[{"href":"https:\/\/diarioahora.com.ar\/index.php\/wp-json\/wp\/v2\/types\/post"}],"author":[{"embeddable":true,"href":"https:\/\/diarioahora.com.ar\/index.php\/wp-json\/wp\/v2\/users\/1"}],"replies":[{"embeddable":true,"href":"https:\/\/diarioahora.com.ar\/index.php\/wp-json\/wp\/v2\/comments?post=37215"}],"version-history":[{"count":1,"href":"https:\/\/diarioahora.com.ar\/index.php\/wp-json\/wp\/v2\/posts\/37215\/revisions"}],"predecessor-version":[{"id":37217,"href":"https:\/\/diarioahora.com.ar\/index.php\/wp-json\/wp\/v2\/posts\/37215\/revisions\/37217"}],"wp:featuredmedia":[{"embeddable":true,"href":"https:\/\/diarioahora.com.ar\/index.php\/wp-json\/wp\/v2\/media\/37216"}],"wp:attachment":[{"href":"https:\/\/diarioahora.com.ar\/index.php\/wp-json\/wp\/v2\/media?parent=37215"}],"wp:term":[{"taxonomy":"category","embeddable":true,"href":"https:\/\/diarioahora.com.ar\/index.php\/wp-json\/wp\/v2\/categories?post=37215"},{"taxonomy":"post_tag","embeddable":true,"href":"https:\/\/diarioahora.com.ar\/index.php\/wp-json\/wp\/v2\/tags?post=37215"}],"curies":[{"name":"wp","href":"https:\/\/api.w.org\/{rel}","templated":true}]}}