{"id":37212,"date":"2026-09-03T01:36:15","date_gmt":"2026-09-03T01:36:15","guid":{"rendered":"https:\/\/diarioahora.com.ar\/?p=37212"},"modified":"2026-09-03T01:36:18","modified_gmt":"2026-09-03T01:36:18","slug":"el-superior-tribunal-de-justicia-de-formosa-renovo-por-4-anos-a-la-hija-del-gildista-jose-mayans-como-jueza-de-paz","status":"publish","type":"post","link":"https:\/\/diarioahora.com.ar\/index.php\/2026\/09\/03\/el-superior-tribunal-de-justicia-de-formosa-renovo-por-4-anos-a-la-hija-del-gildista-jose-mayans-como-jueza-de-paz\/","title":{"rendered":"El Superior Tribunal de Justicia de Formosa renov\u00f3 por 4 a\u00f1os a la hija del gildista Jos\u00e9 Mayans como jueza de Paz"},"content":{"rendered":"\n<p class=\"wp-block-paragraph\">El&nbsp;<strong>Superior Tribunal de Justicia (STJ) de Formosa&nbsp;<\/strong>renov\u00f3 por otros cuatro a\u00f1os el mandato de&nbsp;<strong>Mar\u00eda Bel\u00e9n Mayans<\/strong>, hija del senador nacional&nbsp;<strong>Jos\u00e9 Mayans<\/strong>, como titular del Juzgado de Paz de Menor Cuant\u00eda N.\u00ba 4 de La Nueva Formosa.<\/p>\n\n\n\n<p class=\"wp-block-paragraph\">La decisi\u00f3n fue adoptada en el acuerdo del mi\u00e9rcoles 26 de agosto. El expediente N.\u00ba 5404\/26 advert\u00eda que el 22 de septiembre vence el per\u00edodo constitucional de la magistrada y, ante esa situaci\u00f3n, el m\u00e1ximo tribunal provincial resolvi\u00f3:&nbsp;<strong>\u201cRenovar el mandato de la Dra. Mar\u00eda Bel\u00e9n Mayans como Jueza de Paz de Menor Cuant\u00eda N.\u00ba 4, por un nuevo per\u00edodo constitucional\u201d<\/strong>.<\/p>\n\n\n\n<figure class=\"wp-block-image is-resized\"><a href=\"https:\/\/algoestapasando.com.ar\/wp-content\/uploads\/2024\/12\/Jose-Mayans-formosa.webp\"><img decoding=\"async\" src=\"https:\/\/algoestapasando.com.ar\/wp-content\/uploads\/2024\/12\/Jose-Mayans-formosa-1024x683.webp\" alt=\"\" class=\"wp-image-3577\" style=\"aspect-ratio:1.499267935578331;width:1024px;height:auto\"\/><\/a><\/figure>\n\n\n\n<p class=\"wp-block-paragraph\">El art\u00edculo 181 de la Constituci\u00f3n provincial establece que los jueces de Paz de Menor Cuant\u00eda son designados por el Superior Tribunal de Justicia,&nbsp;<strong>duran cuatro a\u00f1os en sus funciones y pueden ser reelectos<\/strong>. La resoluci\u00f3n garantiza as\u00ed la continuidad de Mayans por un nuevo per\u00edodo de cuatro a\u00f1os.<\/p>\n\n\n\n<h3 class=\"wp-block-heading\">Juzgado a medida<\/h3>\n\n\n\n<p class=\"wp-block-paragraph\">La historia del Juzgado de Paz N.\u00ba 4 est\u00e1 directamente vinculada con la llegada de Mayans a la magistratura.<\/p>\n\n\n\n<figure class=\"wp-block-image is-resized\"><a href=\"https:\/\/algoestapasando.com.ar\/wp-content\/uploads\/2026\/08\/mariabelenmayans-jurando-jueza-paz.avif\"><img decoding=\"async\" src=\"https:\/\/algoestapasando.com.ar\/wp-content\/uploads\/2026\/08\/mariabelenmayans-jurando-jueza-paz-1024x683.avif\" alt=\"\" class=\"wp-image-12807\" style=\"aspect-ratio:1.499267935578331;width:1024px;height:auto\"\/><\/a><figcaption class=\"wp-element-caption\">En 60 d\u00edas se cre\u00f3 y jur\u00f3 Bel\u00e9n Mayans<\/figcaption><\/figure>\n\n\n\n<p class=\"wp-block-paragraph\">En julio de 2022, mediante la Resoluci\u00f3n N.\u00ba 381\/22, el STJ decidi\u00f3&nbsp;<strong>crear una nueva dependencia judicial para La Nueva Formosa y, en ese mismo acto, design\u00f3 a Mar\u00eda Bel\u00e9n Mayans como su titular<\/strong>. Todo en 60 d\u00edas.<\/p>\n\n\n\n<p class=\"wp-block-paragraph\">La fundamentaci\u00f3n institucional<strong>&nbsp;fue el crecimiento poblacional de esa zona de la capital y la necesidad de ampliar el acceso a la Justicia<\/strong>. Hasta entonces funcionaban tres juzgados de Paz en la ciudad.<\/p>\n\n\n\n<p class=\"wp-block-paragraph\">La particularidad es que no se cubri\u00f3 una vacante existente:&nbsp;<strong>primero se cre\u00f3 un nuevo juzgado y simult\u00e1neamente se decidi\u00f3 que Mayans ser\u00eda su primera jueza<\/strong>. Luego comenzaron las gestiones para conseguir la infraestructura y el personal necesarios para ponerlo en funcionamiento.<\/p>\n\n\n\n<p class=\"wp-block-paragraph\">Incluso su sede&nbsp;<strong>qued\u00f3 instalada en inmuebles de La Nueva Formosa construidos originalmente como viviendas sociales<\/strong>. El Juzgado N.\u00ba 4 funciona en la manzana 25, en las casas 01 y 20. La utilizaci\u00f3n de unidades habitacionales para instalar la nueva dependencia judicial gener\u00f3 cuestionamientos cuando fue habilitada.<\/p>\n\n\n\n<figure class=\"wp-block-image is-resized\"><a href=\"https:\/\/algoestapasando.com.ar\/wp-content\/uploads\/2026\/08\/juzgadomenorcuantia4-formosa-justicia.avif\"><img decoding=\"async\" src=\"https:\/\/algoestapasando.com.ar\/wp-content\/uploads\/2026\/08\/juzgadomenorcuantia4-formosa-justicia-1024x683.avif\" alt=\"\" class=\"wp-image-12805\" style=\"aspect-ratio:1.499267935578331;width:1024px;height:auto\"\/><\/a><\/figure>\n\n\n\n<h3 class=\"wp-block-heading\">\u201cPersecuci\u00f3n laboral\u201d<\/h3>\n\n\n\n<p class=\"wp-block-paragraph\">La renovaci\u00f3n del mandato se produce adem\u00e1s despu\u00e9s de que el propio&nbsp;<strong>Poder Judicial tramitara actuaciones por una situaci\u00f3n laboral dentro del juzgado conducido por Mayans.<\/strong><\/p>\n\n\n\n<p class=\"wp-block-paragraph\">El&nbsp;<strong>juez de Instrucci\u00f3n y Correccional del fuero contra el Narcocrimen, Jos\u00e9 Luis Molina<\/strong>, es&nbsp;<strong>yerno del senador nacional por Formosa,&nbsp;<\/strong>Su pareja es&nbsp;<strong>Mar\u00eda Bel\u00e9n Mayans<\/strong>.<\/p>\n\n\n\n<p class=\"wp-block-paragraph\">En el expediente interno N.\u00ba 67\/24, profesionales del&nbsp;<strong>Observatorio en materia de Violencia Laboral<\/strong>&nbsp;informaron sobre la presentaci\u00f3n de una agente del Juzgado de Paz N.\u00ba 4 que hab\u00eda sido derivada por el Servicio M\u00e9dico Laboral luego de presentar una licencia expedida por su m\u00e9dica psiquiatra.<\/p>\n\n\n\n<p class=\"wp-block-paragraph\">De acuerdo con el documento tratado por el STJ, en el certificado constar\u00eda como motivo&nbsp;<strong>\u201cpersecuci\u00f3n laboral\u201d por parte de la jueza Mar\u00eda Bel\u00e9n Mayans<\/strong>.<\/p>\n\n\n\n<p class=\"wp-block-paragraph\">El informe no se limit\u00f3 a dejar asentada la denuncia. Los profesionales tuvieron en consideraci\u00f3n el descargo de la trabajadora, la&nbsp;<strong>\u201cafectaci\u00f3n emocional evidenciada al momento de la entrevista\u201d<\/strong>, los factores de riesgo mencionados y antecedentes que ya figuraban en otro expediente interno.<\/p>\n\n\n\n<p class=\"wp-block-paragraph\">Ante ese cuadro, el Observatorio recomend\u00f3&nbsp;<strong>un traslado transitorio de la agente a otra dependencia para preservar su salud psicof\u00edsica<\/strong>.<\/p>\n\n\n\n<p class=\"wp-block-paragraph\">El STJ resolvi\u00f3 entonces instruir a&nbsp;<strong>la Inspector\u00eda de la Justicia de Paz para que interviniera en la situaci\u00f3n denunciada<\/strong>&nbsp;y recomendara \u201cmedidas de soluci\u00f3n alternativas que posibiliten una mejor convivencia en el \u00e1mbito laboral\u201d.<\/p>\n\n\n\n<p class=\"wp-block-paragraph\">La&nbsp;<strong>magistrada tambi\u00e9n qued\u00f3 bajo exposici\u00f3n p\u00fablica el pasado 8 de julio por un siniestro vial mientras conduc\u00eda una Toyota SW4&nbsp;<\/strong>que colision\u00f3 con una camioneta de la Direcci\u00f3n Provincial de Vialidad.<\/p>\n\n\n\n<h3 class=\"wp-block-heading\">Casi 25 a\u00f1os de Mayans<\/h3>\n\n\n\n<p class=\"wp-block-paragraph\">Mar\u00eda Bel\u00e9n Mayans es hija de&nbsp;<strong>Jos\u00e9 Miguel \u00c1ngel Mayans<\/strong>, uno de los principales dirigentes del gildismo, jefe del bloque peronista en el Senado y presidente del PJ a cargo por la detenci\u00f3n de Cristina Fern\u00e1ndez de Kirchner.<\/p>\n\n\n\n<p class=\"wp-block-paragraph\">Jos\u00e9 Mayans lleg\u00f3 a la C\u00e1mara alta en diciembre de 2001 y desde entonces renov\u00f3 sucesivamente su banca. En diciembre pr\u00f3ximo cumplir\u00e1&nbsp;<strong>25 a\u00f1os consecutivos como senador nacional por Formosa<\/strong>.<\/p>\n\n\n\n<p class=\"wp-block-paragraph\">El pr\u00f3ximo 22 de septiembre terminar\u00e1 formalmente el primer per\u00edodo.&nbsp;<strong>Mayans comenzar\u00e1 entonces otros cuatro a\u00f1os al frente del juzgado que el STJ cre\u00f3 en 2022 y para cuya conducci\u00f3n la design\u00f3 desde su nacimiento.<\/strong><\/p>\n\n\n\n<p class=\"wp-block-paragraph\">(Fuente: Algo Est\u00e1 Pasando).<\/p>\n","protected":false},"excerpt":{"rendered":"<p>El&nbsp;Superior Tribunal de Justicia (STJ) de Formosa&nbsp;renov\u00f3 por otros cuatro a\u00f1os el mandato de&nbsp;Mar\u00eda Bel\u00e9n Mayans, hija del senador nacional&nbsp;Jos\u00e9 Mayans, como titular del Juzgado&#8230;<\/p>\n","protected":false},"author":1,"featured_media":37213,"comment_status":"closed","ping_status":"closed","sticky":false,"template":"","format":"standard","meta":{"_jetpack_newsletter_access":"","_jetpack_dont_email_post_to_subs":false,"_jetpack_newsletter_tier_id":0,"_jetpack_memberships_contains_paywalled_content":false,"_jetpack_feature_clip_id":0,"_jetpack_memberships_contains_paid_content":false,"footnotes":"","jetpack_post_was_ever_published":false},"categories":[4],"tags":[],"class_list":["post-37212","post","type-post","status-publish","format-standard","has-post-thumbnail","hentry","category-formosa","entry","double"],"jetpack_sharing_enabled":true,"jetpack_featured_media_url":"https:\/\/diarioahora.com.ar\/wp-content\/uploads\/2026\/09\/r2-3.jpg","_links":{"self":[{"href":"https:\/\/diarioahora.com.ar\/index.php\/wp-json\/wp\/v2\/posts\/37212","targetHints":{"allow":["GET"]}}],"collection":[{"href":"https:\/\/diarioahora.com.ar\/index.php\/wp-json\/wp\/v2\/posts"}],"about":[{"href":"https:\/\/diarioahora.com.ar\/index.php\/wp-json\/wp\/v2\/types\/post"}],"author":[{"embeddable":true,"href":"https:\/\/diarioahora.com.ar\/index.php\/wp-json\/wp\/v2\/users\/1"}],"replies":[{"embeddable":true,"href":"https:\/\/diarioahora.com.ar\/index.php\/wp-json\/wp\/v2\/comments?post=37212"}],"version-history":[{"count":1,"href":"https:\/\/diarioahora.com.ar\/index.php\/wp-json\/wp\/v2\/posts\/37212\/revisions"}],"predecessor-version":[{"id":37214,"href":"https:\/\/diarioahora.com.ar\/index.php\/wp-json\/wp\/v2\/posts\/37212\/revisions\/37214"}],"wp:featuredmedia":[{"embeddable":true,"href":"https:\/\/diarioahora.com.ar\/index.php\/wp-json\/wp\/v2\/media\/37213"}],"wp:attachment":[{"href":"https:\/\/diarioahora.com.ar\/index.php\/wp-json\/wp\/v2\/media?parent=37212"}],"wp:term":[{"taxonomy":"category","embeddable":true,"href":"https:\/\/diarioahora.com.ar\/index.php\/wp-json\/wp\/v2\/categories?post=37212"},{"taxonomy":"post_tag","embeddable":true,"href":"https:\/\/diarioahora.com.ar\/index.php\/wp-json\/wp\/v2\/tags?post=37212"}],"curies":[{"name":"wp","href":"https:\/\/api.w.org\/{rel}","templated":true}]}}