{"id":37209,"date":"2026-09-03T01:29:13","date_gmt":"2026-09-03T01:29:13","guid":{"rendered":"https:\/\/diarioahora.com.ar\/?p=37209"},"modified":"2026-09-03T01:29:14","modified_gmt":"2026-09-03T01:29:14","slug":"el-gobernador-juan-pablo-valdes-desde-el-puerto-de-corrientes-generamos-las-condiciones-para-que-nos-elijan","status":"publish","type":"post","link":"https:\/\/diarioahora.com.ar\/index.php\/2026\/09\/03\/el-gobernador-juan-pablo-valdes-desde-el-puerto-de-corrientes-generamos-las-condiciones-para-que-nos-elijan\/","title":{"rendered":"El gobernador Juan Pablo Vald\u00e9s, desde el puerto de Corrientes: &#8220;Generamos las condiciones para que nos elijan&#8221;"},"content":{"rendered":"\n<p class=\"wp-block-paragraph\">El gobernador Juan Pablo Vald\u00e9s estuvo esta ma\u00f1ana en el puerto de Corrientes donde comenz\u00f3 el traslado de equipamiento para la primera planta de CLT del pa\u00eds, ubicada en Gobernador Virasoro. La operaci\u00f3n adquiere especial relevancia por lo que representa para la cadena forestoindustrial. Corrientes posee una de las principales bases forestales del pa\u00eds.<\/p>\n\n\n\n<p class=\"wp-block-paragraph\">El puerto de Corrientes recibi\u00f3 ayer un convoy con equipamiento para la primera planta industrial de madera contralaminada (CLT) y Mass Timber del pa\u00eds, que se instalar\u00e1 en Virasoro. Hoy, los contenedores partir\u00e1n hacia esa ciudad en 50 camiones.&nbsp;&nbsp;<\/p>\n\n\n\n<figure class=\"wp-block-image is-resized\"><img decoding=\"async\" src=\"https:\/\/www.radiodos.com.ar\/content\/bucket\/5\/292575w790h527c.jpg.webp\" alt=\"\" style=\"aspect-ratio:1.4990512333965844;width:790px;height:auto\"\/><\/figure>\n\n\n\n<p class=\"wp-block-paragraph\">&#8220;Este D\u00eda de la Industria, para Corrientes ser\u00e1 un d\u00eda hist\u00f3rico: llegaron al puerto de Corrientes&nbsp;&nbsp;47 contenedores con maquinaria y equipamiento para Cambium Build, la primera planta industrial de madera contralaminada (CLT) de la Argentina, que se est\u00e1 instalando enVirasoro&#8221;, precis\u00f3 Vald\u00e9s&nbsp;&nbsp;<\/p>\n\n\n\n<p class=\"wp-block-paragraph\">&#8220;El empleo y las oportunidades deben venir de la mano del sector privado. Por eso, desde el Gobierno de Corrientes&nbsp;&nbsp;generamos las condiciones para que nos elijan&#8221;, escribi\u00f3 Juan Pablo Vald\u00e9s en sus redes sociales.<\/p>\n\n\n\n<p class=\"wp-block-paragraph\">&#8220;Lo anunciamos en junio y hoy es una realidad. La empresa invertir\u00e1 m\u00e1s de 20 millones de d\u00f3lares en este proyecto para generar desde ac\u00e1, con nuestra madera, tecnolog\u00eda de punta y mano de obra correntina, material de construcci\u00f3n de vanguardia para viviendas y edificios&#8221;, agreg\u00f3 el mandatario.<\/p>\n","protected":false},"excerpt":{"rendered":"<p>El gobernador Juan Pablo Vald\u00e9s estuvo esta ma\u00f1ana en el puerto de Corrientes donde comenz\u00f3 el traslado de equipamiento para la primera planta de CLT&#8230;<\/p>\n","protected":false},"author":1,"featured_media":37210,"comment_status":"closed","ping_status":"closed","sticky":false,"template":"","format":"standard","meta":{"_jetpack_newsletter_access":"","_jetpack_dont_email_post_to_subs":false,"_jetpack_newsletter_tier_id":0,"_jetpack_memberships_contains_paywalled_content":false,"_jetpack_feature_clip_id":0,"_jetpack_memberships_contains_paid_content":false,"footnotes":"","jetpack_post_was_ever_published":false},"categories":[5],"tags":[],"class_list":["post-37209","post","type-post","status-publish","format-standard","has-post-thumbnail","hentry","category-corrientes","entry","double"],"jetpack_sharing_enabled":true,"jetpack_featured_media_url":"https:\/\/diarioahora.com.ar\/wp-content\/uploads\/2026\/09\/r2-6.webp","_links":{"self":[{"href":"https:\/\/diarioahora.com.ar\/index.php\/wp-json\/wp\/v2\/posts\/37209","targetHints":{"allow":["GET"]}}],"collection":[{"href":"https:\/\/diarioahora.com.ar\/index.php\/wp-json\/wp\/v2\/posts"}],"about":[{"href":"https:\/\/diarioahora.com.ar\/index.php\/wp-json\/wp\/v2\/types\/post"}],"author":[{"embeddable":true,"href":"https:\/\/diarioahora.com.ar\/index.php\/wp-json\/wp\/v2\/users\/1"}],"replies":[{"embeddable":true,"href":"https:\/\/diarioahora.com.ar\/index.php\/wp-json\/wp\/v2\/comments?post=37209"}],"version-history":[{"count":1,"href":"https:\/\/diarioahora.com.ar\/index.php\/wp-json\/wp\/v2\/posts\/37209\/revisions"}],"predecessor-version":[{"id":37211,"href":"https:\/\/diarioahora.com.ar\/index.php\/wp-json\/wp\/v2\/posts\/37209\/revisions\/37211"}],"wp:featuredmedia":[{"embeddable":true,"href":"https:\/\/diarioahora.com.ar\/index.php\/wp-json\/wp\/v2\/media\/37210"}],"wp:attachment":[{"href":"https:\/\/diarioahora.com.ar\/index.php\/wp-json\/wp\/v2\/media?parent=37209"}],"wp:term":[{"taxonomy":"category","embeddable":true,"href":"https:\/\/diarioahora.com.ar\/index.php\/wp-json\/wp\/v2\/categories?post=37209"},{"taxonomy":"post_tag","embeddable":true,"href":"https:\/\/diarioahora.com.ar\/index.php\/wp-json\/wp\/v2\/tags?post=37209"}],"curies":[{"name":"wp","href":"https:\/\/api.w.org\/{rel}","templated":true}]}}