{"id":37205,"date":"2026-09-03T01:23:59","date_gmt":"2026-09-03T01:23:59","guid":{"rendered":"https:\/\/diarioahora.com.ar\/?p=37205"},"modified":"2026-09-03T01:24:00","modified_gmt":"2026-09-03T01:24:00","slug":"el-gobernador-rogelio-frigerio-puso-fin-a-las-jubilaciones-de-privilegio-en-la-provincia-tras-aprobarse-la-nueva-ley","status":"publish","type":"post","link":"https:\/\/diarioahora.com.ar\/index.php\/2026\/09\/03\/el-gobernador-rogelio-frigerio-puso-fin-a-las-jubilaciones-de-privilegio-en-la-provincia-tras-aprobarse-la-nueva-ley\/","title":{"rendered":"El gobernador Rogelio Frigerio puso fin a las jubilaciones de privilegio en la provincia tras aprobarse la nueva ley"},"content":{"rendered":"\n<p class=\"wp-block-paragraph\"><strong>La C\u00e1mara de Diputados de Entre R\u00edos convirti\u00f3 en ley el proyecto impulsado por el gobernador Rogelio Frigerio que deroga el r\u00e9gimen especial de pensiones vitalicias para quienes ejercen los cargos de gobernador y vicegobernador.<\/strong><\/p>\n\n\n\n<p class=\"wp-block-paragraph\">La norma pone fin a un beneficio establecido por la Ley N\u00ba 4.506, vigente desde 1965, que contemplaba una prestaci\u00f3n previsional equivalente al 75% de la remuneraci\u00f3n correspondiente al cargo.<\/p>\n\n\n\n<figure class=\"wp-block-image size-full\"><img fetchpriority=\"high\" decoding=\"async\" width=\"838\" height=\"543\" src=\"https:\/\/diarioahora.com.ar\/wp-content\/uploads\/2026\/09\/r2.png\" alt=\"\" class=\"wp-image-37206\" srcset=\"https:\/\/diarioahora.com.ar\/wp-content\/uploads\/2026\/09\/r2.png 838w, https:\/\/diarioahora.com.ar\/wp-content\/uploads\/2026\/09\/r2-300x194.png 300w, https:\/\/diarioahora.com.ar\/wp-content\/uploads\/2026\/09\/r2-767x497.png 767w\" sizes=\"(max-width: 838px) 100vw, 838px\" \/><\/figure>\n\n\n\n<p class=\"wp-block-paragraph\">El proyecto hab\u00eda sido enviado por el Poder Ejecutivo en enero de 2024. Luego de su tratamiento en ambas c\u00e1maras y de las modificaciones introducidas durante el debate en el Senado, la iniciativa obtuvo finalmente la sanci\u00f3n definitiva en Diputados.<\/p>\n\n\n\n<p class=\"wp-block-paragraph\">A partir de la nueva legislaci\u00f3n, quienes ejerzan en adelante la Gobernaci\u00f3n y la Vicegobernaci\u00f3n no podr\u00e1n acceder a esta prestaci\u00f3n una vez finalizados sus mandatos.<\/p>\n\n\n\n<h2 class=\"wp-block-heading\"><strong>Frigerio y Aluani, alcanzados por la reforma<\/strong><\/h2>\n\n\n\n<p class=\"wp-block-paragraph\">La derogaci\u00f3n tambi\u00e9n alcanza a las actuales autoridades provinciales. De esta manera, Rogelio Frigerio y la vicegobernadora Alicia Aluani ser\u00e1n los primeros gobernador y vicegobernadora que no podr\u00e1n acceder al beneficio contemplado por la legislaci\u00f3n derogada.<\/p>\n\n\n\n<p class=\"wp-block-paragraph\">Tras la sanci\u00f3n, Frigerio destac\u00f3 el cumplimiento de una medida que hab\u00eda planteado al comienzo de su gesti\u00f3n y que, seg\u00fan sostuvo, forma parte de una pol\u00edtica destinada a revisar beneficios especiales vinculados con el ejercicio de cargos p\u00fablicos.<\/p>\n\n\n\n<p class=\"wp-block-paragraph\">\u201cPusimos fin a m\u00e1s de 60 a\u00f1os de pensiones vitalicias para gobernadores y vicegobernadores. Con la vicegobernadora, Alicia Aluani, seremos los primeros alcanzados por esta decisi\u00f3n. Un compromiso m\u00e1s que asumimos y cumplimos\u201d, afirm\u00f3.<\/p>\n\n\n\n<h2 class=\"wp-block-heading\"><strong>El planteo del gobernador<\/strong><\/h2>\n\n\n\n<p class=\"wp-block-paragraph\">Frigerio vincul\u00f3 la eliminaci\u00f3n del r\u00e9gimen con su pol\u00edtica de reforma y ordenamiento de la administraci\u00f3n provincial. En ese sentido, sostuvo que la decisi\u00f3n apunta a modificar pr\u00e1cticas asociadas a los privilegios de la dirigencia pol\u00edtica.<\/p>\n\n\n\n<p class=\"wp-block-paragraph\">\u201cDesde el primer d\u00eda de gesti\u00f3n venimos eliminando los privilegios de la pol\u00edtica y ordenando el Estado para ponerlo nuevamente al servicio de los entrerrianos\u201d, se\u00f1al\u00f3.<\/p>\n\n\n\n<p class=\"wp-block-paragraph\">La iniciativa se suma, de acuerdo con el Ejecutivo provincial, a una agenda centrada en la austeridad, la transparencia y la \u00e9tica p\u00fablica. El objetivo planteado por la gesti\u00f3n es revisar reg\u00edmenes especiales y eliminar beneficios que considera incompatibles con criterios de igualdad y responsabilidad en el uso de los recursos p\u00fablicos.<\/p>\n\n\n\n<p class=\"wp-block-paragraph\">\u201cEstoy convencido de que, si queremos cambiar la forma de gobernar, el cambio tiene que empezar por quienes tenemos la responsabilidad de hacerlo\u201d, concluy\u00f3 el gobernador.<\/p>\n\n\n\n<p class=\"wp-block-paragraph\">(Diario Uno).<\/p>\n","protected":false},"excerpt":{"rendered":"<p>La C\u00e1mara de Diputados de Entre R\u00edos convirti\u00f3 en ley el proyecto impulsado por el gobernador Rogelio Frigerio que deroga el r\u00e9gimen especial de pensiones&#8230;<\/p>\n","protected":false},"author":1,"featured_media":37207,"comment_status":"closed","ping_status":"closed","sticky":false,"template":"","format":"standard","meta":{"_jetpack_newsletter_access":"","_jetpack_dont_email_post_to_subs":false,"_jetpack_newsletter_tier_id":0,"_jetpack_memberships_contains_paywalled_content":false,"_jetpack_feature_clip_id":0,"_jetpack_memberships_contains_paid_content":false,"footnotes":"","jetpack_post_was_ever_published":false},"categories":[7],"tags":[],"class_list":["post-37205","post","type-post","status-publish","format-standard","has-post-thumbnail","hentry","category-entre-rios","entry","double"],"jetpack_sharing_enabled":true,"jetpack_featured_media_url":"https:\/\/diarioahora.com.ar\/wp-content\/uploads\/2026\/09\/r2-2.jpg","_links":{"self":[{"href":"https:\/\/diarioahora.com.ar\/index.php\/wp-json\/wp\/v2\/posts\/37205","targetHints":{"allow":["GET"]}}],"collection":[{"href":"https:\/\/diarioahora.com.ar\/index.php\/wp-json\/wp\/v2\/posts"}],"about":[{"href":"https:\/\/diarioahora.com.ar\/index.php\/wp-json\/wp\/v2\/types\/post"}],"author":[{"embeddable":true,"href":"https:\/\/diarioahora.com.ar\/index.php\/wp-json\/wp\/v2\/users\/1"}],"replies":[{"embeddable":true,"href":"https:\/\/diarioahora.com.ar\/index.php\/wp-json\/wp\/v2\/comments?post=37205"}],"version-history":[{"count":1,"href":"https:\/\/diarioahora.com.ar\/index.php\/wp-json\/wp\/v2\/posts\/37205\/revisions"}],"predecessor-version":[{"id":37208,"href":"https:\/\/diarioahora.com.ar\/index.php\/wp-json\/wp\/v2\/posts\/37205\/revisions\/37208"}],"wp:featuredmedia":[{"embeddable":true,"href":"https:\/\/diarioahora.com.ar\/index.php\/wp-json\/wp\/v2\/media\/37207"}],"wp:attachment":[{"href":"https:\/\/diarioahora.com.ar\/index.php\/wp-json\/wp\/v2\/media?parent=37205"}],"wp:term":[{"taxonomy":"category","embeddable":true,"href":"https:\/\/diarioahora.com.ar\/index.php\/wp-json\/wp\/v2\/categories?post=37205"},{"taxonomy":"post_tag","embeddable":true,"href":"https:\/\/diarioahora.com.ar\/index.php\/wp-json\/wp\/v2\/tags?post=37205"}],"curies":[{"name":"wp","href":"https:\/\/api.w.org\/{rel}","templated":true}]}}