{"id":37199,"date":"2026-09-02T13:55:55","date_gmt":"2026-09-02T13:55:55","guid":{"rendered":"https:\/\/diarioahora.com.ar\/?p=37199"},"modified":"2026-09-02T13:55:57","modified_gmt":"2026-09-02T13:55:57","slug":"juegos-suramericanos-santa-fe-inauguro-su-villa-deportiva-y-se-prepara-para-recibir-a-las-delegaciones","status":"publish","type":"post","link":"https:\/\/diarioahora.com.ar\/index.php\/2026\/09\/02\/juegos-suramericanos-santa-fe-inauguro-su-villa-deportiva-y-se-prepara-para-recibir-a-las-delegaciones\/","title":{"rendered":"Juegos Suramericanos: Santa Fe inaugur\u00f3 su villa deportiva y se prepara para recibir a las delegaciones"},"content":{"rendered":"\n<p class=\"wp-block-paragraph\"><strong>Santa Fe<\/strong>\u00a0da un nuevo paso en la cuenta regresiva hacia los<strong>\u00a0XIII Juegos Suramericanos Santa Fe 2026<\/strong>\u00a0con la inauguraci\u00f3n de su Villa Suramericana, el complejo que ser\u00e1 destinado al alojamiento de deportistas durante la competencia.<\/p>\n\n\n\n<p class=\"wp-block-paragraph\">La inauguraci\u00f3n fue este mi\u00e9rcoles a las 9, en el complejo ubicado en el barrio Esmeralda Este II. De esta manera, la Villa Suramericana de Santa Fe se suma a la recientemente habilitada en Rosario, que junto con la de Rafaela conformar\u00e1n el sistema oficial de alojamiento de las delegaciones durante los Juegos.<\/p>\n\n\n\n<p class=\"wp-block-paragraph\">Ubicada en el barrio Esmeralda Este II, en el sector comprendido por Bv. French, Las Heras y Belgrano, la obra ocupa un predio de 76.000 metros cuadrados y re\u00fane 334 unidades habitacionales, con capacidad para 1.336 camas.<\/p>\n\n\n\n<p class=\"wp-block-paragraph\">La puesta en funcionamiento del espacio representa uno de los hitos de infraestructura de cara al acontecimiento deportivo que tendr\u00e1 a Santa Fe, Rosario y Rafaela como sedes.<\/p>\n\n\n\n<p class=\"wp-block-paragraph\">Del 12 al 26 de septiembre, las ciudades de Santa Fe, Rosario y Rafaela ser\u00e1n sedes de los Juegos Suramericanos 2026, que recibir\u00e1n a m\u00e1s de 4.000 atletas de 15 pa\u00edses. Los deportistas participar\u00e1n de 43 deportes y 60 disciplinas, en un evento que movilizar\u00e1 adem\u00e1s a entrenadores, oficiales, equipos t\u00e9cnicos, prensa y personal de organizaci\u00f3n.<\/p>\n\n\n\n<h2 class=\"wp-block-heading\">Un complejo pensado para las delegaciones<\/h2>\n\n\n\n<p class=\"wp-block-paragraph\">La Villa fue dise\u00f1ada para concentrar en un mismo espacio los servicios necesarios para el desarrollo cotidiano de las delegaciones. Su funcionamiento se estructura en tres grandes \u00e1reas: residencial, internacional y operativa.<\/p>\n\n\n\n<p class=\"wp-block-paragraph\">La zona residencial ser\u00e1 el coraz\u00f3n del complejo durante los Juegos. All\u00ed estar\u00e1n los espacios destinados al alojamiento y a la atenci\u00f3n diaria de los atletas, junto con comedores, policl\u00ednicos, gimnasios, sectores de convivencia, atenci\u00f3n a delegaciones y servicios generales.<\/p>\n\n\n\n<figure class=\"wp-block-image is-resized\"><img decoding=\"async\" src=\"https:\/\/media.airedesantafe.com.ar\/p\/7a1acce41db7eacd627fb9ea09697f06\/adjuntos\/268\/imagenes\/003\/963\/0003963331\/1200x0\/smart\/juegos-suramericanos-totem1.png\" alt=\"Del 12 al 26 de septiembre, las ciudades de Santa Fe, Rosario y Rafaela ser\u00e1n sedes de los Juegos Suramericanos 2026.\" style=\"width:1200px;height:auto\" title=\"Del 12 al 26 de septiembre, las ciudades de Santa Fe, Rosario y Rafaela ser\u00e1n sedes de los Juegos Suramericanos 2026.\"\/><\/figure>\n\n\n\n<p class=\"wp-block-paragraph\">Del 12 al 26 de septiembre, las ciudades de Santa Fe, Rosario y Rafaela ser\u00e1n sedes de los Juegos Suramericanos 2026.<\/p>\n\n\n\n<p class=\"wp-block-paragraph\">La zona internacional estar\u00e1 orientada a la interacci\u00f3n con visitantes, instituciones y medios de comunicaci\u00f3n. Contar\u00e1 con espacios de gastronom\u00eda ligera, tiendas, servicios tur\u00edsticos, centro de internet y la Plaza de Ceremonias.<\/p>\n\n\n\n<p class=\"wp-block-paragraph\">A su vez, el sector operativo concentrar\u00e1 la log\u00edstica necesaria para garantizar el funcionamiento del predio, con control de accesos, centro de bienvenida, gesti\u00f3n de pases, transporte y soporte t\u00e9cnico.<\/p>\n\n\n\n<p class=\"wp-block-paragraph\">De esta manera, el complejo fue concebido para ofrecer un sistema integral de alojamiento y servicios, bajo par\u00e1metros acordes a los est\u00e1ndares utilizados en grandes competencias deportivas internacionales.<\/p>\n\n\n\n<h2 class=\"wp-block-heading\">334 viviendas para recibir a los protagonistas<\/h2>\n\n\n\n<p class=\"wp-block-paragraph\">El desarrollo habitacional est\u00e1 conformado por cinco frentes de obra que, en conjunto, completan las 334 unidades previstas para alojar a las delegaciones.<\/p>\n\n\n\n<p class=\"wp-block-paragraph\">Las viviendas son d\u00faplex, con planta baja y un piso superior. En la planta baja cuentan con estar-comedor, cocina-lavadero y ba\u00f1o toilette, mientras que en la planta alta se distribuyen dos dormitorios y un ba\u00f1o completo.<\/p>\n\n\n\n<p class=\"wp-block-paragraph\">Del total, 10 unidades fueron adaptadas para personas con discapacidad y se desarrollaron \u00edntegramente en planta baja, con caracter\u00edsticas espec\u00edficas para facilitar su accesibilidad y uso.<\/p>\n\n\n\n<p class=\"wp-block-paragraph\">La apertura del complejo marcar\u00e1 as\u00ed otro momento clave en la preparaci\u00f3n de Santa Fe para recibir a los protagonistas del evento continental. Con las obras de infraestructura y los espacios destinados a las distintas delegaciones avanzando hacia su puesta a punto, la provincia entra en la etapa final de la cuenta regresiva para los Juegos.<\/p>\n\n\n\n<p class=\"wp-block-paragraph\">La Villa de Santa Fe integrar\u00e1, junto con los complejos de Rosario y Rafaela, el sistema oficial de alojamiento de los XIII Juegos Suramericanos, que durante septiembre convertir\u00e1n a la provincia en escenario de una de las principales competencias deportivas del continente.<\/p>\n\n\n\n<p class=\"wp-block-paragraph\">(Aire de Santa Fe).<\/p>\n","protected":false},"excerpt":{"rendered":"<p>Santa Fe\u00a0da un nuevo paso en la cuenta regresiva hacia los\u00a0XIII Juegos Suramericanos Santa Fe 2026\u00a0con la inauguraci\u00f3n de su Villa Suramericana, el complejo que&#8230;<\/p>\n","protected":false},"author":1,"featured_media":37200,"comment_status":"closed","ping_status":"closed","sticky":false,"template":"","format":"standard","meta":{"_jetpack_newsletter_access":"","_jetpack_dont_email_post_to_subs":false,"_jetpack_newsletter_tier_id":0,"_jetpack_memberships_contains_paywalled_content":false,"_jetpack_feature_clip_id":0,"_jetpack_memberships_contains_paid_content":false,"footnotes":"","jetpack_post_was_ever_published":false},"categories":[11],"tags":[],"class_list":["post-37199","post","type-post","status-publish","format-standard","has-post-thumbnail","hentry","category-santa-fe","entry","double"],"jetpack_sharing_enabled":true,"jetpack_featured_media_url":"https:\/\/diarioahora.com.ar\/wp-content\/uploads\/2026\/09\/r2-4.webp","_links":{"self":[{"href":"https:\/\/diarioahora.com.ar\/index.php\/wp-json\/wp\/v2\/posts\/37199","targetHints":{"allow":["GET"]}}],"collection":[{"href":"https:\/\/diarioahora.com.ar\/index.php\/wp-json\/wp\/v2\/posts"}],"about":[{"href":"https:\/\/diarioahora.com.ar\/index.php\/wp-json\/wp\/v2\/types\/post"}],"author":[{"embeddable":true,"href":"https:\/\/diarioahora.com.ar\/index.php\/wp-json\/wp\/v2\/users\/1"}],"replies":[{"embeddable":true,"href":"https:\/\/diarioahora.com.ar\/index.php\/wp-json\/wp\/v2\/comments?post=37199"}],"version-history":[{"count":1,"href":"https:\/\/diarioahora.com.ar\/index.php\/wp-json\/wp\/v2\/posts\/37199\/revisions"}],"predecessor-version":[{"id":37201,"href":"https:\/\/diarioahora.com.ar\/index.php\/wp-json\/wp\/v2\/posts\/37199\/revisions\/37201"}],"wp:featuredmedia":[{"embeddable":true,"href":"https:\/\/diarioahora.com.ar\/index.php\/wp-json\/wp\/v2\/media\/37200"}],"wp:attachment":[{"href":"https:\/\/diarioahora.com.ar\/index.php\/wp-json\/wp\/v2\/media?parent=37199"}],"wp:term":[{"taxonomy":"category","embeddable":true,"href":"https:\/\/diarioahora.com.ar\/index.php\/wp-json\/wp\/v2\/categories?post=37199"},{"taxonomy":"post_tag","embeddable":true,"href":"https:\/\/diarioahora.com.ar\/index.php\/wp-json\/wp\/v2\/tags?post=37199"}],"curies":[{"name":"wp","href":"https:\/\/api.w.org\/{rel}","templated":true}]}}