{"id":37180,"date":"2026-09-02T00:08:14","date_gmt":"2026-09-02T00:08:14","guid":{"rendered":"https:\/\/diarioahora.com.ar\/?p=37180"},"modified":"2026-09-02T00:08:15","modified_gmt":"2026-09-02T00:08:15","slug":"historico-este-miercoles-llega-a-corrientes-equipamiento-para-la-primera-planta-de-clt-del-pais","status":"publish","type":"post","link":"https:\/\/diarioahora.com.ar\/index.php\/2026\/09\/02\/historico-este-miercoles-llega-a-corrientes-equipamiento-para-la-primera-planta-de-clt-del-pais\/","title":{"rendered":"Hist\u00f3rico: Este mi\u00e9rcoles llega a Corrientes equipamiento para la primera planta de CLT del pa\u00eds"},"content":{"rendered":"\n<p class=\"wp-block-paragraph\"><strong>Ma\u00f1ana arribar\u00e1 al puerto de la ciudad un convoy que transporta contenedores para Cambium Timber. As\u00ed lo confirm\u00f3 esta ma\u00f1ana el gobernador Juan Pablo Vald\u00e9s. &#8220;Ser\u00e1 un d\u00eda hist\u00f3rico para Corrientes. En el puerto habr\u00e1 movimientos importantes por la llegada de 50 contenedores con maquinaria&#8221;, adelant\u00f3 el mandatario.<\/strong><\/p>\n\n\n\n<p class=\"wp-block-paragraph\">El puerto de Corrientes ser\u00e1 escenario este martes de una operaci\u00f3n que trasciende ampliamente el movimiento habitual de cargas. Est\u00e1 prevista la llegada del convoy que transporta contenedores con equipamiento destinado a Cambium Timber, que avanza con la instalaci\u00f3n de la primera planta industrial de madera contralaminada (CLT) y Mass Timber del pa\u00eds<\/p>\n\n\n\n<p class=\"wp-block-paragraph\">La noticia fue confirmada hoy por el gobernador Juan Pablo Valdes<\/p>\n\n\n\n<p class=\"wp-block-paragraph\">No estar\u00e1n llegando solamente contenedores. Est\u00e1 ingresando por el r\u00edo la tecnolog\u00eda que permitir\u00e1 desarrollar una nueva industria en la Argentina.<\/p>\n\n\n\n<p class=\"wp-block-paragraph\">La operaci\u00f3n adquiere especial relevancia por lo que representa para la cadena forestoindustrial. Corrientes posee una de las principales bases forestales del pa\u00eds y el desaf\u00edo estrat\u00e9gico pasa por avanzar hacia una mayor industrializaci\u00f3n, incorporando tecnolog\u00eda, conocimiento y valor agregado en origen.<\/p>\n\n\n\n<p class=\"wp-block-paragraph\">La tecnolog\u00eda CLT (Cross Laminated Timber) y el concepto Mass Timber forman parte de una transformaci\u00f3n internacional de la construcci\u00f3n basada en productos de madera de ingenier\u00eda capaces de ser utilizados como componentes estructurales de edificios y proyectos de diferentes escalas.<\/p>\n\n\n\n<p class=\"wp-block-paragraph\">El puerto como parte de la pol\u00edtica industrial<br>La llegada del convoy tambi\u00e9n permite observar el papel que puede desempe\u00f1ar la infraestructura portuaria dentro de una estrategia de desarrollo productivo.<\/p>\n\n\n\n<p class=\"wp-block-paragraph\">En ese esquema, el puerto de Corrientes y la hidrov\u00eda Paran\u00e1\u2013Paraguay constituyen herramientas estrat\u00e9gicas para una provincia cuya producci\u00f3n necesita integrarse de manera cada vez m\u00e1s eficiente con las cadenas nacionales e internacionales de abastecimiento y comercio.<\/p>\n\n\n\n<p class=\"wp-block-paragraph\">La futura planta de Cambium Timber representa precisamente ese cambio de paradigma.<\/p>\n","protected":false},"excerpt":{"rendered":"<p>Ma\u00f1ana arribar\u00e1 al puerto de la ciudad un convoy que transporta contenedores para Cambium Timber. As\u00ed lo confirm\u00f3 esta ma\u00f1ana el gobernador Juan Pablo Vald\u00e9s.&#8230;<\/p>\n","protected":false},"author":1,"featured_media":37181,"comment_status":"closed","ping_status":"closed","sticky":false,"template":"","format":"standard","meta":{"_jetpack_newsletter_access":"","_jetpack_dont_email_post_to_subs":false,"_jetpack_newsletter_tier_id":0,"_jetpack_memberships_contains_paywalled_content":false,"_jetpack_feature_clip_id":0,"_jetpack_memberships_contains_paid_content":false,"footnotes":"","jetpack_post_was_ever_published":false},"categories":[5],"tags":[],"class_list":["post-37180","post","type-post","status-publish","format-standard","has-post-thumbnail","hentry","category-corrientes","entry","double"],"jetpack_sharing_enabled":true,"jetpack_featured_media_url":"https:\/\/diarioahora.com.ar\/wp-content\/uploads\/2026\/09\/r2-2026-09-01T210740.304.jpg","_links":{"self":[{"href":"https:\/\/diarioahora.com.ar\/index.php\/wp-json\/wp\/v2\/posts\/37180","targetHints":{"allow":["GET"]}}],"collection":[{"href":"https:\/\/diarioahora.com.ar\/index.php\/wp-json\/wp\/v2\/posts"}],"about":[{"href":"https:\/\/diarioahora.com.ar\/index.php\/wp-json\/wp\/v2\/types\/post"}],"author":[{"embeddable":true,"href":"https:\/\/diarioahora.com.ar\/index.php\/wp-json\/wp\/v2\/users\/1"}],"replies":[{"embeddable":true,"href":"https:\/\/diarioahora.com.ar\/index.php\/wp-json\/wp\/v2\/comments?post=37180"}],"version-history":[{"count":1,"href":"https:\/\/diarioahora.com.ar\/index.php\/wp-json\/wp\/v2\/posts\/37180\/revisions"}],"predecessor-version":[{"id":37182,"href":"https:\/\/diarioahora.com.ar\/index.php\/wp-json\/wp\/v2\/posts\/37180\/revisions\/37182"}],"wp:featuredmedia":[{"embeddable":true,"href":"https:\/\/diarioahora.com.ar\/index.php\/wp-json\/wp\/v2\/media\/37181"}],"wp:attachment":[{"href":"https:\/\/diarioahora.com.ar\/index.php\/wp-json\/wp\/v2\/media?parent=37180"}],"wp:term":[{"taxonomy":"category","embeddable":true,"href":"https:\/\/diarioahora.com.ar\/index.php\/wp-json\/wp\/v2\/categories?post=37180"},{"taxonomy":"post_tag","embeddable":true,"href":"https:\/\/diarioahora.com.ar\/index.php\/wp-json\/wp\/v2\/tags?post=37180"}],"curies":[{"name":"wp","href":"https:\/\/api.w.org\/{rel}","templated":true}]}}