{"id":37176,"date":"2026-09-01T19:12:27","date_gmt":"2026-09-01T19:12:27","guid":{"rendered":"https:\/\/diarioahora.com.ar\/?p=37176"},"modified":"2026-09-01T19:13:19","modified_gmt":"2026-09-01T19:13:19","slug":"el-gobierno-de-leandro-zdero-premiara-el-merito-estudiantil-de-jovenes-chaquenos-con-el-programa-mas-futuro","status":"publish","type":"post","link":"https:\/\/diarioahora.com.ar\/index.php\/2026\/09\/01\/el-gobierno-de-leandro-zdero-premiara-el-merito-estudiantil-de-jovenes-chaquenos-con-el-programa-mas-futuro\/","title":{"rendered":"El gobierno de Leandro Zdero premiar\u00e1 el m\u00e9rito estudiantil de j\u00f3venes chaque\u00f1os con el programa &#8220;M\u00e1s futuro&#8221;"},"content":{"rendered":"\n<h3 class=\"wp-block-heading\"><strong>El gobernador del Chaco, Leandro Zdero, present\u00f3 este martes el programa M\u00e1s Futuro que contempla un incentivo econ\u00f3mico de $100.000 mensuales, con permanencia hasta marzo de 2027, destinado a estudiantes que cumplan con los criterios acad\u00e9micos, de asistencia y de participaci\u00f3n establecidos.<\/strong>&nbsp;<\/h3>\n\n\n\n<p class=\"wp-block-paragraph\">La propuesta combina el reconocimiento al m\u00e9rito con un trayecto formativo obligatorio, que incluye&nbsp;<strong>alfabetizaci\u00f3n digital, educaci\u00f3n financiera b\u00e1sica, orientaci\u00f3n para el estudio y el trabajo y herramientas de empleabilidad joven.<\/strong><\/p>\n\n\n\n<p class=\"wp-block-paragraph\">Durante el lanzamiento, Zdero sostuvo que la iniciativa busca que los j\u00f3venes puedan decidir sobre su futuro con mayores herramientas y oportunidades.&nbsp;<strong>&#8220;Tenemos que inspirar los sue\u00f1os, pero fundamentalmente darles a nuestros hijos una herramienta para que decidan sobre el futuro. Queremos acompa\u00f1arlos, prepararlos y darles una oportunidad&#8221;, afirm\u00f3 el gobernador.<\/strong><\/p>\n\n\n\n<p class=\"wp-block-paragraph\">En ese sentido, remarc\u00f3 que la iniciativa representa una decisi\u00f3n pol\u00edtica de volver a poner en valor el esfuerzo y el m\u00e9rito dentro del sistema educativo.&nbsp;<strong>&#8220;Nosotros creemos que se premia el m\u00e9rito y que los sue\u00f1os se acompa\u00f1an&#8221;, expres\u00f3 Zdero,<\/strong>&nbsp;quien plante\u00f3 adem\u00e1s que el objetivo es que los estudiantes puedan proyectar su futuro sin elegir una carrera o una actividad laboral por descarte.&nbsp;<\/p>\n\n\n\n<p class=\"wp-block-paragraph\"><strong>&#8220;No importa si quieren ser m\u00e9dicos, odont\u00f3logos, maestros, ingenieros o arquitectos. Lo importante es que decidan qu\u00e9 quieren hacer, que vayan por esos sue\u00f1os y que nosotros los acompa\u00f1emos&#8221;,<\/strong>&nbsp;manifest\u00f3.<\/p>\n\n\n\n<h3 class=\"wp-block-heading\"><strong>PREMIAR EL ESFUERZO Y PREPARARLOS PARA EL MUNDO<\/strong><\/h3>\n\n\n\n<p class=\"wp-block-paragraph\">El gobernador explic\u00f3 que&nbsp;<strong>uno de los requisitos centrales para acceder al programa ser\u00e1 no adeudar materias previas, adem\u00e1s de cumplir con los criterios de promedio y asistencia definidos para la selecci\u00f3n<\/strong>&nbsp;. &#8220;Durante mucho tiempo se les dijo a los chicos que daba lo mismo estudiar o no, ir a la escuela o no, tener materias previas o no. Nosotros decimos que no da lo mismo&#8221;, afirm\u00f3.<\/p>\n\n\n\n<p class=\"wp-block-paragraph\">Zdero destac\u00f3 que la etapa final de la secundaria requiere un esfuerzo adicional, porque los j\u00f3venes se encuentran pr\u00f3ximos a tomar decisiones sobre sus estudios y su inserci\u00f3n laboral.&nbsp;<strong>&#8220;En este \u00faltimo a\u00f1o hay que esforzarse a\u00fan m\u00e1s, porque el mundo que viene es el mundo que hay que enfrentar, y para eso tenemos que acompa\u00f1arlos&#8221;, sostuvo.<\/strong><\/p>\n\n\n\n<p class=\"wp-block-paragraph\">El programa tambi\u00e9n busca acercar a los estudiantes a&nbsp;<strong>nuevas tecnolog\u00edas, inteligencia artificial, educaci\u00f3n financiera, orientaci\u00f3n vocacional y las distintas alternativas de formaci\u00f3n y empleo, fortaleciendo el v\u00ednculo entre la escuela y las oportunidades que ofrece el mundo actual.<\/strong><\/p>\n\n\n\n<h3 class=\"wp-block-heading\"><strong>UNA INVERSI\u00d3N ESTRAT\u00c9GICA EN LOS J\u00d3VENES CHAQUE\u00d1OS<\/strong><\/h3>\n\n\n\n<p class=\"wp-block-paragraph\">El coordinador general del programa y subsecretario de Juventud, Everest Jovanovich, destac\u00f3 que &#8220;M\u00e1s Futuro&#8221; constituye una inversi\u00f3n en el desarrollo de los j\u00f3venes y, al mismo tiempo, una apuesta por el futuro productivo de la provincia.<\/p>\n\n\n\n<p class=\"wp-block-paragraph\">&#8220;Cuando priorizamos a la juventud estamos apostando por quienes van a construir el Chaco que viene: futuros agricultores, productores, gobernantes y tomadores de decisiones&#8221;, se\u00f1al\u00f3.<\/p>\n\n\n\n<p class=\"wp-block-paragraph\">Jovanovich explic\u00f3 que la propuesta articula el trabajo de Juventud, Desarrollo Humano y el Ministerio de Educaci\u00f3n, con contenidos desarrollados junto a especialistas. El funcionario remarc\u00f3 que<strong>&nbsp;se busca brindar herramientas concretas para que los j\u00f3venes puedan desenvolverse en \u00e1mbitos educativos, laborales y productivos, incorporando conocimientos sobre tecnolog\u00eda, educaci\u00f3n financiera, empleabilidad y planificaci\u00f3n de sus proyectos personales.<\/strong><\/p>\n\n\n\n<p class=\"wp-block-paragraph\">La propuesta contempla distintos m\u00f3dulos formativos. Entre ellos, se encuentran&nbsp;<strong>alfabetizaci\u00f3n digital, para desenvolverse en entornos digitales de estudio, gesti\u00f3n y comunicaci\u00f3n; educaci\u00f3n financiera b\u00e1sica, con herramientas para organizar ingresos y gastos y tomar decisiones econ\u00f3micas cotidianas; orientaci\u00f3n para el estudio y el trabajo, para planificar la continuidad educativa y construir un proyecto ocupacional; y empleabilidad joven, destinada a brindar herramientas para los primeros pasos en el mundo laboral.<\/strong><\/p>\n\n\n\n<p class=\"wp-block-paragraph\">La permanencia en el programa estar\u00e1 sujeta al cumplimiento de las instancias formativas, con modalidad presencial y\/o virtual y un m\u00e1ximo permitido de dos inasistencias.<\/p>\n\n\n\n<h3 class=\"wp-block-heading\"><strong>QUI\u00c9NES PUEDEN ACCEDER&nbsp;<\/strong><\/h3>\n\n\n\n<h3 class=\"wp-block-heading\"><strong>&#8220;M\u00e1s Futuro&#8221; est\u00e1 destinado a estudiantes de entre 16 y 20 a\u00f1os que cursen el \u00faltimo a\u00f1o del nivel secundario, sean residentes de la provincia del Chaco y acrediten su condici\u00f3n de alumno regular sin adeudar materias previas.<\/strong>&nbsp;<\/h3>\n\n\n\n<p class=\"wp-block-paragraph\">La selecci\u00f3n contempla, adem\u00e1s,&nbsp;<strong>criterios vinculados con promedio y asistencia, definidos para establecer el orden de m\u00e9rito, y requiere la certificaci\u00f3n y el aval del director o directora del establecimiento educativo.<\/strong><\/p>\n\n\n\n<p class=\"wp-block-paragraph\"><strong>En el caso de estudiantes menores de edad, ser\u00e1 necesaria la presencia de un apoderado o representante legal,<\/strong>&nbsp;de acuerdo con las exigencias bancarias para la instrumentaci\u00f3n del beneficio.<\/p>\n\n\n\n<figure class=\"wp-block-image is-resized\"><img decoding=\"async\" src=\"https:\/\/www.datachaco.com\/content\/bucket\/5\/207115w790h527c.jpg.webp\" alt=\"\" style=\"aspect-ratio:1.4990512333965844;width:790px;height:auto\"\/><figcaption class=\"wp-element-caption\">Lanzamiento del programa &#8220;M\u00e1s Futuro&#8221;.<\/figcaption><\/figure>\n\n\n\n<p class=\"wp-block-paragraph\"><strong>Entre los criterios de exclusi\u00f3n se encuentran la residencia fuera de la provincia, ser agente de planta permanente o contratado del Estado nacional, provincial o municipal<\/strong>,&nbsp;<strong>recibir determinadas transferencias directas de programas sociales y superar los l\u00edmites de ingresos familiares establecidos para el programa.<\/strong><\/p>\n\n\n\n<h3 class=\"wp-block-heading\"><strong>INSCRIPCI\u00d3N Y PROGRAMA<\/strong><\/h3>\n\n\n\n<p class=\"wp-block-paragraph\"><strong>La inscripci\u00f3n se realizar\u00e1 del 1 al 28 de septiembre, mediante la plataforma DATA \u00d1ACHEC,&nbsp;<\/strong>&nbsp;donde los postulantes deber\u00e1n cargar la documentaci\u00f3n requerida.<\/p>\n\n\n\n<p class=\"wp-block-paragraph\">Se solicitar\u00e1:<\/p>\n\n\n\n<ul class=\"wp-block-list\">\n<li>DNI frente y dorso.<\/li>\n\n\n\n<li>Certificado de domicilio expedido por la Polic\u00eda del Chaco.<\/li>\n\n\n\n<li>Constancia de CUIL, cuando no figure en el DNI.<\/li>\n\n\n\n<li>Constancia de estudios m\u00e1ximos alcanzados.<\/li>\n<\/ul>\n\n\n\n<p class=\"wp-block-paragraph\">Toda la documentaci\u00f3n presentada tendr\u00e1 car\u00e1cter de declaraci\u00f3n jurada y deber\u00e1 contar con el visto bueno y aval de la instituci\u00f3n educativa.<\/p>\n\n\n\n<p class=\"wp-block-paragraph\">Luego se desarrollar\u00e1 el proceso de procesamiento y validaci\u00f3n de datos.&nbsp;<strong>Entre el 18 de septiembre y el 2 de octubre se consolidar\u00e1 la informaci\u00f3n; a partir del 28 de septiembre se notificar\u00e1 a los postulantes si fueron procesados o no.<\/strong><\/p>\n\n\n\n<p class=\"wp-block-paragraph\"><strong>Entre el 3 y el 9 de octubre se transferir\u00e1n los datos validados al Nuevo Banco del Chaco, mientras que entre el 10 y el 11 de octubre se formalizar\u00e1 la resoluci\u00f3n administrativa. El pago a los postulantes validados est\u00e1 previsto entre el 15 y el 20 de octubre.<\/strong>&nbsp;<\/p>\n\n\n\n<p class=\"wp-block-paragraph\">Con &#8220;M\u00e1s Futuro &#8211; Incentivo al M\u00e9rito&#8221;, el Gobierno provincial busca que el \u00faltimo a\u00f1o de la secundaria sea mucho m\u00e1s que el cierre de una etapa: una oportunidad para reconocer el esfuerzo, fortalecer capacidades y abrir un camino hacia el estudio, el trabajo y el desarrollo personal.&nbsp;<\/p>\n\n\n\n<p class=\"wp-block-paragraph\">&#8220;Queremos apostar al Chaco que viene y estamos trabajando para eso&#8221;, sostuvo Zdero, al remarcar que acompa\u00f1ar a los j\u00f3venes significa invertir en quienes tendr\u00e1n en sus manos la construcci\u00f3n del futuro de la provincia.<\/p>\n\n\n\n<p class=\"wp-block-paragraph\">(Data Chaco).<\/p>\n","protected":false},"excerpt":{"rendered":"<p>El gobernador del Chaco, Leandro Zdero, present\u00f3 este martes el programa M\u00e1s Futuro que contempla un incentivo econ\u00f3mico de $100.000 mensuales, con permanencia hasta marzo&#8230;<\/p>\n","protected":false},"author":1,"featured_media":37177,"comment_status":"closed","ping_status":"closed","sticky":false,"template":"","format":"standard","meta":{"_jetpack_newsletter_access":"","_jetpack_dont_email_post_to_subs":false,"_jetpack_newsletter_tier_id":0,"_jetpack_memberships_contains_paywalled_content":false,"_jetpack_feature_clip_id":0,"_jetpack_memberships_contains_paid_content":false,"footnotes":"","jetpack_post_was_ever_published":false},"categories":[3],"tags":[],"class_list":["post-37176","post","type-post","status-publish","format-standard","has-post-thumbnail","hentry","category-chaco","entry","double"],"jetpack_sharing_enabled":true,"jetpack_featured_media_url":"https:\/\/diarioahora.com.ar\/wp-content\/uploads\/2026\/09\/r2-2.webp","_links":{"self":[{"href":"https:\/\/diarioahora.com.ar\/index.php\/wp-json\/wp\/v2\/posts\/37176","targetHints":{"allow":["GET"]}}],"collection":[{"href":"https:\/\/diarioahora.com.ar\/index.php\/wp-json\/wp\/v2\/posts"}],"about":[{"href":"https:\/\/diarioahora.com.ar\/index.php\/wp-json\/wp\/v2\/types\/post"}],"author":[{"embeddable":true,"href":"https:\/\/diarioahora.com.ar\/index.php\/wp-json\/wp\/v2\/users\/1"}],"replies":[{"embeddable":true,"href":"https:\/\/diarioahora.com.ar\/index.php\/wp-json\/wp\/v2\/comments?post=37176"}],"version-history":[{"count":2,"href":"https:\/\/diarioahora.com.ar\/index.php\/wp-json\/wp\/v2\/posts\/37176\/revisions"}],"predecessor-version":[{"id":37179,"href":"https:\/\/diarioahora.com.ar\/index.php\/wp-json\/wp\/v2\/posts\/37176\/revisions\/37179"}],"wp:featuredmedia":[{"embeddable":true,"href":"https:\/\/diarioahora.com.ar\/index.php\/wp-json\/wp\/v2\/media\/37177"}],"wp:attachment":[{"href":"https:\/\/diarioahora.com.ar\/index.php\/wp-json\/wp\/v2\/media?parent=37176"}],"wp:term":[{"taxonomy":"category","embeddable":true,"href":"https:\/\/diarioahora.com.ar\/index.php\/wp-json\/wp\/v2\/categories?post=37176"},{"taxonomy":"post_tag","embeddable":true,"href":"https:\/\/diarioahora.com.ar\/index.php\/wp-json\/wp\/v2\/tags?post=37176"}],"curies":[{"name":"wp","href":"https:\/\/api.w.org\/{rel}","templated":true}]}}