{"id":37173,"date":"2026-09-01T19:05:25","date_gmt":"2026-09-01T19:05:25","guid":{"rendered":"https:\/\/diarioahora.com.ar\/?p=37173"},"modified":"2026-09-01T19:05:27","modified_gmt":"2026-09-01T19:05:27","slug":"la-presidente-del-instituto-de-cultura-de-la-provincia-lourdes-sanchez-confirmo-que-se-realizara-una-nueva-edicion-del-taragui-rock-2026","status":"publish","type":"post","link":"https:\/\/diarioahora.com.ar\/index.php\/2026\/09\/01\/la-presidente-del-instituto-de-cultura-de-la-provincia-lourdes-sanchez-confirmo-que-se-realizara-una-nueva-edicion-del-taragui-rock-2026\/","title":{"rendered":"La presidente del Instituto de Cultura de la provincia, Lourdes S\u00e1nchez confirm\u00f3 que se realizar\u00e1 una nueva edici\u00f3n del Tarag\u00fc\u00ed Rock 2026"},"content":{"rendered":"\n<p class=\"wp-block-paragraph\">En di\u00e1logo con Radio Dos, la presidente del Instituto de Cultura de la provincia de Corrientes, Lourdes S\u00e1nchez confirm\u00f3 que en el mes de octubre se realizar\u00e1 una nueva edici\u00f3n del Tarag\u00fci Rock en el Anfiteatro Cocomarola.<\/p>\n\n\n\n<iframe src=\"https:\/\/www.facebook.com\/plugins\/video.php?height=476&#038;href=https%3A%2F%2Fwww.facebook.com%2Freel%2F1604995504972827%2F&#038;show_text=false&#038;width=267&#038;t=0\" width=\"267\" height=\"476\" style=\"border:none;overflow:hidden\" scrolling=\"no\" frameborder=\"0\" allowfullscreen=\"true\" allow=\"autoplay; clipboard-write; encrypted-media; picture-in-picture; web-share\" allowFullScreen=\"true\"><\/iframe>\n","protected":false},"excerpt":{"rendered":"<p>En di\u00e1logo con Radio Dos, la presidente del Instituto de Cultura de la provincia de Corrientes, Lourdes S\u00e1nchez confirm\u00f3 que en el mes de octubre&#8230;<\/p>\n","protected":false},"author":1,"featured_media":37174,"comment_status":"closed","ping_status":"closed","sticky":false,"template":"","format":"standard","meta":{"_jetpack_newsletter_access":"","_jetpack_dont_email_post_to_subs":false,"_jetpack_newsletter_tier_id":0,"_jetpack_memberships_contains_paywalled_content":false,"_jetpack_feature_clip_id":0,"_jetpack_memberships_contains_paid_content":false,"footnotes":"","jetpack_post_was_ever_published":false},"categories":[5],"tags":[],"class_list":["post-37173","post","type-post","status-publish","format-standard","has-post-thumbnail","hentry","category-corrientes","entry","double"],"jetpack_sharing_enabled":true,"jetpack_featured_media_url":"https:\/\/diarioahora.com.ar\/wp-content\/uploads\/2026\/09\/r2-2026-09-01T160449.310.jpg","_links":{"self":[{"href":"https:\/\/diarioahora.com.ar\/index.php\/wp-json\/wp\/v2\/posts\/37173","targetHints":{"allow":["GET"]}}],"collection":[{"href":"https:\/\/diarioahora.com.ar\/index.php\/wp-json\/wp\/v2\/posts"}],"about":[{"href":"https:\/\/diarioahora.com.ar\/index.php\/wp-json\/wp\/v2\/types\/post"}],"author":[{"embeddable":true,"href":"https:\/\/diarioahora.com.ar\/index.php\/wp-json\/wp\/v2\/users\/1"}],"replies":[{"embeddable":true,"href":"https:\/\/diarioahora.com.ar\/index.php\/wp-json\/wp\/v2\/comments?post=37173"}],"version-history":[{"count":1,"href":"https:\/\/diarioahora.com.ar\/index.php\/wp-json\/wp\/v2\/posts\/37173\/revisions"}],"predecessor-version":[{"id":37175,"href":"https:\/\/diarioahora.com.ar\/index.php\/wp-json\/wp\/v2\/posts\/37173\/revisions\/37175"}],"wp:featuredmedia":[{"embeddable":true,"href":"https:\/\/diarioahora.com.ar\/index.php\/wp-json\/wp\/v2\/media\/37174"}],"wp:attachment":[{"href":"https:\/\/diarioahora.com.ar\/index.php\/wp-json\/wp\/v2\/media?parent=37173"}],"wp:term":[{"taxonomy":"category","embeddable":true,"href":"https:\/\/diarioahora.com.ar\/index.php\/wp-json\/wp\/v2\/categories?post=37173"},{"taxonomy":"post_tag","embeddable":true,"href":"https:\/\/diarioahora.com.ar\/index.php\/wp-json\/wp\/v2\/tags?post=37173"}],"curies":[{"name":"wp","href":"https:\/\/api.w.org\/{rel}","templated":true}]}}