{"id":37169,"date":"2026-09-01T13:00:30","date_gmt":"2026-09-01T13:00:30","guid":{"rendered":"https:\/\/diarioahora.com.ar\/?p=37169"},"modified":"2026-09-01T13:01:01","modified_gmt":"2026-09-01T13:01:01","slug":"menor-manejaba-una-moto-haciendo-willy-atropello-otra-motociclista-y-una-beba-termino-con-lesiones-graves","status":"publish","type":"post","link":"https:\/\/diarioahora.com.ar\/index.php\/2026\/09\/01\/menor-manejaba-una-moto-haciendo-willy-atropello-otra-motociclista-y-una-beba-termino-con-lesiones-graves\/","title":{"rendered":"Menor manejaba una moto haciendo &#8220;Willy&#8221;, atropell\u00f3 a otro motociclista y una beba termin\u00f3 con lesiones graves"},"content":{"rendered":"\n<p class=\"wp-block-paragraph\">El siniestro vial sucedi\u00f3 en la intersecci\u00f3n de Avenida Emilio Hansen y calle Los Lirios de la localidad correntina de Esquina. La ni\u00f1a iba en otra moto con sus padres. Se&nbsp; inform\u00f3 que la beb\u00e9 evoluciona favorablemente en el Hospital Pedi\u00e1trico Juan Pablo II, de Corrientes Capital.<\/p>\n\n\n\n<p class=\"wp-block-paragraph\">De acuerdo a informaci\u00f3n sobre el hecho, el conductor&nbsp; iba haciendo una maniobra peligrosa, cuando se cruz\u00f3 de carril y atropell\u00f3 a otra motocicleta en la que iba una familia. Una peque\u00f1a result\u00f3 con lesiones de car\u00e1cter grave.<\/p>\n\n\n\n<p class=\"wp-block-paragraph\">Como consecuencia del hecho, una menor debi\u00f3 ser trasladada a la capital provincial debido a la severidad de las lesiones, mientras que los dem\u00e1s involucrados sufrieron heridas leves.<\/p>\n\n\n\n<p class=\"wp-block-paragraph\">La beb\u00e9 presentaba un cuadro delicado con traumatismo de cr\u00e1neo, por lo que se determin\u00f3 su derivaci\u00f3n urgente a la ciudad de Corrientes.<\/p>\n\n\n\n<p class=\"wp-block-paragraph\">La directora del Hospital San Roque de Esquina, doctora Mar\u00eda Jos\u00e9 Pellegrini, inform\u00f3 que la ni\u00f1a ingres\u00f3 al hospital el pasado s\u00e1bado 30 de agosto -d\u00eda del siniestro vial- con lesiones y fue asistida de inmediato por el m\u00e9dico y el pediatra de guardia. Se realizaron los estudios correspondientes, entre ellos una tomograf\u00eda y radiograf\u00edas, que permitieron detectar cefalohematomas en las regiones parietal y occipital, asociados a fracturas, adem\u00e1s de im\u00e1genes compatibles con una posible lesi\u00f3n intracraneal.<\/p>\n\n\n\n<p class=\"wp-block-paragraph\">Ante la complejidad del cuadro y la necesidad de atenci\u00f3n especializada, se dispuso su derivaci\u00f3n. Primero fue trasladada al Hospital de Ni\u00f1os &#8220;\u00c1ngel de la Guarda&#8221; de Goya y posteriormente al Hospital correntino de la capital Juan Pablo II<\/p>\n\n\n\n<p class=\"wp-block-paragraph\">Seg\u00fan se inform\u00f3&nbsp; el parte recibido por el Hospital San Roque, la peque\u00f1a fue sometida a los estudios pertinentes y se encuentra estable, internada en sala com\u00fan y evolucionando favorablemente, bajo control m\u00e9dico.<\/p>\n","protected":false},"excerpt":{"rendered":"<p>El siniestro vial sucedi\u00f3 en la intersecci\u00f3n de Avenida Emilio Hansen y calle Los Lirios de la localidad correntina de Esquina. La ni\u00f1a iba en&#8230;<\/p>\n","protected":false},"author":1,"featured_media":37170,"comment_status":"closed","ping_status":"closed","sticky":false,"template":"","format":"standard","meta":{"_jetpack_newsletter_access":"","_jetpack_dont_email_post_to_subs":false,"_jetpack_newsletter_tier_id":0,"_jetpack_memberships_contains_paywalled_content":false,"_jetpack_feature_clip_id":0,"_jetpack_memberships_contains_paid_content":false,"footnotes":"","jetpack_post_was_ever_published":false},"categories":[5],"tags":[],"class_list":["post-37169","post","type-post","status-publish","format-standard","has-post-thumbnail","hentry","category-corrientes","entry","double"],"jetpack_sharing_enabled":true,"jetpack_featured_media_url":"https:\/\/diarioahora.com.ar\/wp-content\/uploads\/2026\/09\/r2-2026-09-01T100008.897.jpg","_links":{"self":[{"href":"https:\/\/diarioahora.com.ar\/index.php\/wp-json\/wp\/v2\/posts\/37169","targetHints":{"allow":["GET"]}}],"collection":[{"href":"https:\/\/diarioahora.com.ar\/index.php\/wp-json\/wp\/v2\/posts"}],"about":[{"href":"https:\/\/diarioahora.com.ar\/index.php\/wp-json\/wp\/v2\/types\/post"}],"author":[{"embeddable":true,"href":"https:\/\/diarioahora.com.ar\/index.php\/wp-json\/wp\/v2\/users\/1"}],"replies":[{"embeddable":true,"href":"https:\/\/diarioahora.com.ar\/index.php\/wp-json\/wp\/v2\/comments?post=37169"}],"version-history":[{"count":2,"href":"https:\/\/diarioahora.com.ar\/index.php\/wp-json\/wp\/v2\/posts\/37169\/revisions"}],"predecessor-version":[{"id":37172,"href":"https:\/\/diarioahora.com.ar\/index.php\/wp-json\/wp\/v2\/posts\/37169\/revisions\/37172"}],"wp:featuredmedia":[{"embeddable":true,"href":"https:\/\/diarioahora.com.ar\/index.php\/wp-json\/wp\/v2\/media\/37170"}],"wp:attachment":[{"href":"https:\/\/diarioahora.com.ar\/index.php\/wp-json\/wp\/v2\/media?parent=37169"}],"wp:term":[{"taxonomy":"category","embeddable":true,"href":"https:\/\/diarioahora.com.ar\/index.php\/wp-json\/wp\/v2\/categories?post=37169"},{"taxonomy":"post_tag","embeddable":true,"href":"https:\/\/diarioahora.com.ar\/index.php\/wp-json\/wp\/v2\/tags?post=37169"}],"curies":[{"name":"wp","href":"https:\/\/api.w.org\/{rel}","templated":true}]}}