{"id":37163,"date":"2026-09-01T12:33:47","date_gmt":"2026-09-01T12:33:47","guid":{"rendered":"https:\/\/diarioahora.com.ar\/?p=37163"},"modified":"2026-09-01T12:33:48","modified_gmt":"2026-09-01T12:33:48","slug":"el-ministerio-de-educacion-de-chaco-abrio-la-inscripcion-para-interinatos-y-suplencias-2027-para-docentes-bibliotecarios","status":"publish","type":"post","link":"https:\/\/diarioahora.com.ar\/index.php\/2026\/09\/01\/el-ministerio-de-educacion-de-chaco-abrio-la-inscripcion-para-interinatos-y-suplencias-2027-para-docentes-bibliotecarios\/","title":{"rendered":"El ministerio de Educaci\u00f3n de Chaco abri\u00f3 la inscripci\u00f3n para interinatos y suplencias 2027 para Docentes bibliotecarios"},"content":{"rendered":"\n<p class=\"wp-block-paragraph\"><strong>El Ministerio de Educaci\u00f3n del Chaco abri\u00f3 este lunes 1 de septiembre la inscripci\u00f3n para docentes bibliotecarios que aspiren a cubrir cargos interinos y suplencias durante 2027.<\/strong>&nbsp;<\/p>\n\n\n\n<p class=\"wp-block-paragraph\">La convocatoria, gestionada a trav\u00e9s de la Junta de Clasificaci\u00f3n de Bibliotecas, corresponde al Per\u00edodo Ordinario 2026 y tiene como objetivo confeccionar las Listas de Orden de M\u00e9rito que se utilizar\u00e1n para la cobertura de cargos el pr\u00f3ximo a\u00f1o.<\/p>\n\n\n\n<p class=\"wp-block-paragraph\">Los interesados tendr\u00e1n tiempo&nbsp;<strong>hasta el 15 de octubre inclusive&nbsp;<\/strong>&nbsp;para presentar la documentaci\u00f3n requerida. Para realizar el tr\u00e1mite se habilitaron tres modalidades de inscripci\u00f3n, que son excluyentes entre s\u00ed: electr\u00f3nica, por correo postal o presencial.<\/p>\n\n\n\n<p class=\"wp-block-paragraph\"><strong>Este a\u00f1o, por primera vez, los aspirantes podr\u00e1n completar todo el tr\u00e1mite de manera electr\u00f3nica a trav\u00e9s de Tu Gobierno Digital. Quienes no tengan una cuenta deber\u00e1n registrarse previamente. Una vez dentro de la plataforma, deber\u00e1n ingresar a Aplicaci\u00f3n SIE \u2013 Junta de Biblioteca \u2013 Interinatos y Suplencias \u2013 Nueva Inscripci\u00f3n.<\/strong><\/p>\n\n\n\n<p class=\"wp-block-paragraph\">All\u00ed podr\u00e1n completar el formulario correspondiente y adjuntar en formato PDF la documentaci\u00f3n solicitada.<\/p>\n\n\n\n<h2 class=\"wp-block-heading\"><strong>Inscripci\u00f3n por correo postal<\/strong><\/h2>\n\n\n\n<p class=\"wp-block-paragraph\">Tambi\u00e9n se podr\u00e1 enviar el formulario de inscripci\u00f3n junto con la documentaci\u00f3n requerida mediante correo postal a la siguiente direcci\u00f3n:<\/p>\n\n\n\n<p class=\"wp-block-paragraph\"><strong>Ministerio de Educaci\u00f3n, Cultura, Ciencia y Tecnolog\u00eda \u2013 Junta de Clasificaci\u00f3n de Biblioteca&nbsp;<\/strong><br>Gobernador Bosch 99, Nave 3<br>Resistencia, Chaco \u2013 CP 3500.<\/p>\n\n\n\n<h2 class=\"wp-block-heading\"><strong>Tr\u00e1mite presencial<\/strong><\/h2>\n\n\n\n<p class=\"wp-block-paragraph\">La inscripci\u00f3n tambi\u00e9n podr\u00e1 realizarse personalmente o mediante un tercero debidamente autorizado en la sede de la Junta de Clasificaci\u00f3n de Bibliotecas, ubicada en&nbsp;<strong>Gobernador Bosch 99, Nave 3, Resistencia&nbsp;<\/strong>.&nbsp;La atenci\u00f3n ser\u00e1 de&nbsp;<strong>8 a 16&nbsp;<\/strong>.<\/p>\n\n\n\n<p class=\"wp-block-paragraph\">Desde el Ministerio de Educaci\u00f3n recordaron que los docentes deber\u00e1n completar el tr\u00e1mite dentro del plazo establecido y presentar toda la documentaci\u00f3n correspondiente seg\u00fan la modalidad de inscripci\u00f3n elegida.<\/p>\n\n\n\n<p class=\"wp-block-paragraph\">(Data Chaco).<\/p>\n","protected":false},"excerpt":{"rendered":"<p>El Ministerio de Educaci\u00f3n del Chaco abri\u00f3 este lunes 1 de septiembre la inscripci\u00f3n para docentes bibliotecarios que aspiren a cubrir cargos interinos y suplencias&#8230;<\/p>\n","protected":false},"author":1,"featured_media":37164,"comment_status":"closed","ping_status":"closed","sticky":false,"template":"","format":"standard","meta":{"_jetpack_newsletter_access":"","_jetpack_dont_email_post_to_subs":false,"_jetpack_newsletter_tier_id":0,"_jetpack_memberships_contains_paywalled_content":false,"_jetpack_feature_clip_id":0,"_jetpack_memberships_contains_paid_content":false,"footnotes":"","jetpack_post_was_ever_published":false},"categories":[3],"tags":[],"class_list":["post-37163","post","type-post","status-publish","format-standard","has-post-thumbnail","hentry","category-chaco","entry","double"],"jetpack_sharing_enabled":true,"jetpack_featured_media_url":"https:\/\/diarioahora.com.ar\/wp-content\/uploads\/2026\/09\/r2-2026-09-01T093306.727.jpg","_links":{"self":[{"href":"https:\/\/diarioahora.com.ar\/index.php\/wp-json\/wp\/v2\/posts\/37163","targetHints":{"allow":["GET"]}}],"collection":[{"href":"https:\/\/diarioahora.com.ar\/index.php\/wp-json\/wp\/v2\/posts"}],"about":[{"href":"https:\/\/diarioahora.com.ar\/index.php\/wp-json\/wp\/v2\/types\/post"}],"author":[{"embeddable":true,"href":"https:\/\/diarioahora.com.ar\/index.php\/wp-json\/wp\/v2\/users\/1"}],"replies":[{"embeddable":true,"href":"https:\/\/diarioahora.com.ar\/index.php\/wp-json\/wp\/v2\/comments?post=37163"}],"version-history":[{"count":1,"href":"https:\/\/diarioahora.com.ar\/index.php\/wp-json\/wp\/v2\/posts\/37163\/revisions"}],"predecessor-version":[{"id":37165,"href":"https:\/\/diarioahora.com.ar\/index.php\/wp-json\/wp\/v2\/posts\/37163\/revisions\/37165"}],"wp:featuredmedia":[{"embeddable":true,"href":"https:\/\/diarioahora.com.ar\/index.php\/wp-json\/wp\/v2\/media\/37164"}],"wp:attachment":[{"href":"https:\/\/diarioahora.com.ar\/index.php\/wp-json\/wp\/v2\/media?parent=37163"}],"wp:term":[{"taxonomy":"category","embeddable":true,"href":"https:\/\/diarioahora.com.ar\/index.php\/wp-json\/wp\/v2\/categories?post=37163"},{"taxonomy":"post_tag","embeddable":true,"href":"https:\/\/diarioahora.com.ar\/index.php\/wp-json\/wp\/v2\/tags?post=37163"}],"curies":[{"name":"wp","href":"https:\/\/api.w.org\/{rel}","templated":true}]}}