{"id":37159,"date":"2026-09-01T12:25:51","date_gmt":"2026-09-01T12:25:51","guid":{"rendered":"https:\/\/diarioahora.com.ar\/?p=37159"},"modified":"2026-09-01T12:26:13","modified_gmt":"2026-09-01T12:26:13","slug":"nuevo-aumento-los-senadores-argentinos-cobraran-mas-de-13-millones-desde-enero-de-2027","status":"publish","type":"post","link":"https:\/\/diarioahora.com.ar\/index.php\/2026\/09\/01\/nuevo-aumento-los-senadores-argentinos-cobraran-mas-de-13-millones-desde-enero-de-2027\/","title":{"rendered":"Nuevo aumento Salarial en el Congreso: Los senadores argentinos cobrar\u00e1n m\u00e1s de $13 millones desde enero de 2027"},"content":{"rendered":"\n<p class=\"wp-block-paragraph\">Las dietas de los senadores nacionales superar\u00e1n los&nbsp;<strong>$13.100.000 brutos mensuales a partir de enero de 2027&nbsp;<\/strong>, como consecuencia del nuevo acuerdo paritario alcanzado entre las autoridades del Congreso y los gremios que representan a los trabajadores legislativos.<\/p>\n\n\n\n<p class=\"wp-block-paragraph\"><strong>El incremento no requerir\u00e1 una nueva votaci\u00f3n de la C\u00e1mara alta.&nbsp;<\/strong>&nbsp;Desde 2024, las dietas de los senadores se encuentran vinculadas a las paritarias del personal del Congreso, por lo que cada recomposici\u00f3n salarial otorgada a los empleados legislativos impacta autom\u00e1ticamente en los ingresos de los representantes.<\/p>\n\n\n\n<p class=\"wp-block-paragraph\">Para el \u00faltimo cuatrimestre de 2026 se acordaron aumentos del&nbsp;<strong>1,9% en septiembre, 1,8% en octubre, 1,6% en noviembre y 1,5% en diciembre&nbsp;<\/strong>. Al aplicarse de manera acumulativa, representan una recomposici\u00f3n aproximada del&nbsp;<strong>6,97%&nbsp;<\/strong>, cuyo \u00faltimo tramo terminar\u00e1 reflej\u00e1ndose en los haberes percibidos en enero.<\/p>\n\n\n\n<h2 class=\"wp-block-heading\">C\u00f3mo se determinan los sueldos<\/h2>\n\n\n\n<p class=\"wp-block-paragraph\">Los ingresos de los senadores se calculan mediante un sistema de m\u00f3dulos. Actualmente se contemplan&nbsp;<strong>2.500 m\u00f3dulos correspondientes a la dieta, 1.000 por gastos de representaci\u00f3n y otros 500 en concepto de desarraigo&nbsp;<\/strong>&nbsp;para los legisladores del interior del pa\u00eds. Adem\u00e1s, se incorpor\u00f3 una dieta adicional a las doce habituales con el objetivo de equiparar el aguinaldo.<\/p>\n\n\n\n<p class=\"wp-block-paragraph\">El mecanismo de actualizaci\u00f3n autom\u00e1tica tiene su origen en una votaci\u00f3n realizada a mano alzada en 2024, cuando los propios senadores resolvieron vincular sus ingresos a las paritarias legislativas. La decisi\u00f3n provoc\u00f3 fuertes cuestionamientos p\u00fablicos y posteriormente deriv\u00f3 en distintos congelamientos y revisiones.<\/p>\n\n\n\n<p class=\"wp-block-paragraph\">Durante 2025, por ejemplo, el Senado dej\u00f3 sin efecto las subas correspondientes a julio y agosto y congel\u00f3 las dietas hasta el 31 de diciembre. Finalizado ese per\u00edodo, el esquema autom\u00e1tico volvi\u00f3 a quedar vigente.<\/p>\n\n\n\n<p class=\"wp-block-paragraph\">En tanto, el bloque de&nbsp;<strong>La Libertad Avanza&nbsp;<\/strong>, encabezado por Patricia Bullrich, anunci\u00f3 en julio que sus integrantes donar\u00edan los incrementos recibidos a entidades ben\u00e9ficas o instituciones p\u00fablicas provinciales. La vicepresidenta Victoria Villarruel hab\u00eda planteado, por su parte, destinar esos fondos al Hospital Guti\u00e9rrez.<\/p>\n\n\n\n<p class=\"wp-block-paragraph\">Dentro de la C\u00e1mara alta existe una excepci\u00f3n:&nbsp;<strong>Alicia Kirchner no percibe la dieta como senadora&nbsp;<\/strong>, ya que al asumir su banca decidi\u00f3 continuar cobrando su jubilaci\u00f3n como exgobernadora de Santa Cruz.<\/p>\n\n\n\n<p class=\"wp-block-paragraph\">Los porcentajes acordados para el Congreso coinciden con la pauta salarial establecida para trabajadores estatales. Sin embargo, los legisladores no reciben el bono adicional previsto para los empleados de la administraci\u00f3n p\u00fablica.<\/p>\n","protected":false},"excerpt":{"rendered":"<p>Las dietas de los senadores nacionales superar\u00e1n los&nbsp;$13.100.000 brutos mensuales a partir de enero de 2027&nbsp;, como consecuencia del nuevo acuerdo paritario alcanzado entre las&#8230;<\/p>\n","protected":false},"author":1,"featured_media":37160,"comment_status":"closed","ping_status":"closed","sticky":false,"template":"","format":"standard","meta":{"_jetpack_newsletter_access":"","_jetpack_dont_email_post_to_subs":false,"_jetpack_newsletter_tier_id":0,"_jetpack_memberships_contains_paywalled_content":false,"_jetpack_feature_clip_id":0,"_jetpack_memberships_contains_paid_content":false,"footnotes":"","jetpack_post_was_ever_published":false},"categories":[8],"tags":[],"class_list":["post-37159","post","type-post","status-publish","format-standard","has-post-thumbnail","hentry","category-nacionales","entry","double"],"jetpack_sharing_enabled":true,"jetpack_featured_media_url":"https:\/\/diarioahora.com.ar\/wp-content\/uploads\/2026\/09\/r2-2026-09-01T092438.675.jpg","_links":{"self":[{"href":"https:\/\/diarioahora.com.ar\/index.php\/wp-json\/wp\/v2\/posts\/37159","targetHints":{"allow":["GET"]}}],"collection":[{"href":"https:\/\/diarioahora.com.ar\/index.php\/wp-json\/wp\/v2\/posts"}],"about":[{"href":"https:\/\/diarioahora.com.ar\/index.php\/wp-json\/wp\/v2\/types\/post"}],"author":[{"embeddable":true,"href":"https:\/\/diarioahora.com.ar\/index.php\/wp-json\/wp\/v2\/users\/1"}],"replies":[{"embeddable":true,"href":"https:\/\/diarioahora.com.ar\/index.php\/wp-json\/wp\/v2\/comments?post=37159"}],"version-history":[{"count":2,"href":"https:\/\/diarioahora.com.ar\/index.php\/wp-json\/wp\/v2\/posts\/37159\/revisions"}],"predecessor-version":[{"id":37162,"href":"https:\/\/diarioahora.com.ar\/index.php\/wp-json\/wp\/v2\/posts\/37159\/revisions\/37162"}],"wp:featuredmedia":[{"embeddable":true,"href":"https:\/\/diarioahora.com.ar\/index.php\/wp-json\/wp\/v2\/media\/37160"}],"wp:attachment":[{"href":"https:\/\/diarioahora.com.ar\/index.php\/wp-json\/wp\/v2\/media?parent=37159"}],"wp:term":[{"taxonomy":"category","embeddable":true,"href":"https:\/\/diarioahora.com.ar\/index.php\/wp-json\/wp\/v2\/categories?post=37159"},{"taxonomy":"post_tag","embeddable":true,"href":"https:\/\/diarioahora.com.ar\/index.php\/wp-json\/wp\/v2\/tags?post=37159"}],"curies":[{"name":"wp","href":"https:\/\/api.w.org\/{rel}","templated":true}]}}