{"id":37156,"date":"2026-09-01T12:10:59","date_gmt":"2026-09-01T12:10:59","guid":{"rendered":"https:\/\/diarioahora.com.ar\/?p=37156"},"modified":"2026-09-01T12:11:00","modified_gmt":"2026-09-01T12:11:00","slug":"el-diputado-de-la-amarilla-alerto-sobre-la-grave-situacion-de-las-drogas-en-formosa-senala-que-el-gobierno-provincial-no-hace-nada-para-terminar-con-las-adicciones-que-envenenan-a-los-jovenes","status":"publish","type":"post","link":"https:\/\/diarioahora.com.ar\/index.php\/2026\/09\/01\/el-diputado-de-la-amarilla-alerto-sobre-la-grave-situacion-de-las-drogas-en-formosa-senala-que-el-gobierno-provincial-no-hace-nada-para-terminar-con-las-adicciones-que-envenenan-a-los-jovenes\/","title":{"rendered":"El diputado de la Amarilla alert\u00f3 sobre la grave situaci\u00f3n de las Drogas en Formosa: Se\u00f1ala que el gobierno provincial no hace nada para terminar con las adicciones que envenenan a los j\u00f3venes"},"content":{"rendered":"\n<p class=\"wp-block-paragraph\">El consumo problem\u00e1tico de sustancias y el avance del menudeo de drogas reabrieron el debate en la provincia tras el rechazo en la Legislatura provincial a un proyecto de abordaje integral frente a las adicciones y el suicidio.<\/p>\n\n\n\n<p class=\"wp-block-paragraph\">Sin tratamiento: La oposici\u00f3n impuls\u00f3 un proyecto para articular acciones entre la provincia y los municipios, pero el oficialismo rechaz\u00f3 tratarlo sobre tablas. Cr\u00edticas a la prevenci\u00f3n: El diputado provincial por la UCR,  Juan Carlos Amarilla denunci\u00f3 inacci\u00f3n policial ante los puntos de venta de droga en los barrios (&#8220;kioskos&#8221; y env\u00edos por &#8220;delivery&#8221;).<\/p>\n\n\n\n<iframe src=\"https:\/\/www.facebook.com\/plugins\/video.php?height=476&#038;href=https%3A%2F%2Fwww.facebook.com%2Freel%2F1058329446953150%2F&#038;show_text=false&#038;width=267&#038;t=0\" width=\"267\" height=\"476\" style=\"border:none;overflow:hidden\" scrolling=\"no\" frameborder=\"0\" allowfullscreen=\"true\" allow=\"autoplay; clipboard-write; encrypted-media; picture-in-picture; web-share\" allowFullScreen=\"true\"><\/iframe>\n\n\n\n<p class=\"wp-block-paragraph\">Cifras preocupantes: Seg\u00fan estad\u00edsticas del fuero de narcocrimen, solo el 12% de las causas iniciadas se enfocan directamente en la comercializaci\u00f3n a baja escala. Contraste con el interior: A diferencia de la Legislatura provincial, en municipios como El Colorado s\u00ed se lograron acuerdos entre oficialismo y oposici\u00f3n para sancionar normas que atiendan la emergencia social.<\/p>\n\n\n\n<p class=\"wp-block-paragraph\">(Diario Formosa Expr\u00e9s).<\/p>\n","protected":false},"excerpt":{"rendered":"<p>El consumo problem\u00e1tico de sustancias y el avance del menudeo de drogas reabrieron el debate en la provincia tras el rechazo en la Legislatura provincial&#8230;<\/p>\n","protected":false},"author":1,"featured_media":37157,"comment_status":"closed","ping_status":"closed","sticky":false,"template":"","format":"standard","meta":{"_jetpack_newsletter_access":"","_jetpack_dont_email_post_to_subs":false,"_jetpack_newsletter_tier_id":0,"_jetpack_memberships_contains_paywalled_content":false,"_jetpack_feature_clip_id":0,"_jetpack_memberships_contains_paid_content":false,"footnotes":"","jetpack_post_was_ever_published":false},"categories":[4],"tags":[],"class_list":["post-37156","post","type-post","status-publish","format-standard","has-post-thumbnail","hentry","category-formosa","entry","double"],"jetpack_sharing_enabled":true,"jetpack_featured_media_url":"https:\/\/diarioahora.com.ar\/wp-content\/uploads\/2026\/09\/r2-2026-09-01T090937.060.jpg","_links":{"self":[{"href":"https:\/\/diarioahora.com.ar\/index.php\/wp-json\/wp\/v2\/posts\/37156","targetHints":{"allow":["GET"]}}],"collection":[{"href":"https:\/\/diarioahora.com.ar\/index.php\/wp-json\/wp\/v2\/posts"}],"about":[{"href":"https:\/\/diarioahora.com.ar\/index.php\/wp-json\/wp\/v2\/types\/post"}],"author":[{"embeddable":true,"href":"https:\/\/diarioahora.com.ar\/index.php\/wp-json\/wp\/v2\/users\/1"}],"replies":[{"embeddable":true,"href":"https:\/\/diarioahora.com.ar\/index.php\/wp-json\/wp\/v2\/comments?post=37156"}],"version-history":[{"count":1,"href":"https:\/\/diarioahora.com.ar\/index.php\/wp-json\/wp\/v2\/posts\/37156\/revisions"}],"predecessor-version":[{"id":37158,"href":"https:\/\/diarioahora.com.ar\/index.php\/wp-json\/wp\/v2\/posts\/37156\/revisions\/37158"}],"wp:featuredmedia":[{"embeddable":true,"href":"https:\/\/diarioahora.com.ar\/index.php\/wp-json\/wp\/v2\/media\/37157"}],"wp:attachment":[{"href":"https:\/\/diarioahora.com.ar\/index.php\/wp-json\/wp\/v2\/media?parent=37156"}],"wp:term":[{"taxonomy":"category","embeddable":true,"href":"https:\/\/diarioahora.com.ar\/index.php\/wp-json\/wp\/v2\/categories?post=37156"},{"taxonomy":"post_tag","embeddable":true,"href":"https:\/\/diarioahora.com.ar\/index.php\/wp-json\/wp\/v2\/tags?post=37156"}],"curies":[{"name":"wp","href":"https:\/\/api.w.org\/{rel}","templated":true}]}}