{"id":37153,"date":"2026-09-01T11:52:20","date_gmt":"2026-09-01T11:52:20","guid":{"rendered":"https:\/\/diarioahora.com.ar\/?p=37153"},"modified":"2026-09-01T11:52:22","modified_gmt":"2026-09-01T11:52:22","slug":"fenomeno-el-nino-el-temporal-dejo-mas-de-30-viviendas-afectadas-caida-de-arboles-postes-de-luz-y-danos-en-comercios-de-varias-localidades","status":"publish","type":"post","link":"https:\/\/diarioahora.com.ar\/index.php\/2026\/09\/01\/fenomeno-el-nino-el-temporal-dejo-mas-de-30-viviendas-afectadas-caida-de-arboles-postes-de-luz-y-danos-en-comercios-de-varias-localidades\/","title":{"rendered":"Fen\u00f3meno El Ni\u00f1o: El temporal dej\u00f3 m\u00e1s de 30 viviendas afectadas, ca\u00edda de \u00e1rboles, postes de luz y da\u00f1os en comercios de varias localidades"},"content":{"rendered":"\n<p class=\"wp-block-paragraph\">Las intensas lluvias, fuertes r\u00e1fagas y la ca\u00edda de granizo provocaron da\u00f1os en distintos puntos de Misiones. El relevamiento realizado hasta el momento contabiliz\u00f3\u00a0<strong>al menos 31 viviendas afectadas<\/strong>\u00a0entre Gobernador Roca y Santo Pip\u00f3, mientras que en El Soberbio tambi\u00e9n se registraron da\u00f1os en casas y comercios.<\/p>\n\n\n\n<p class=\"wp-block-paragraph\">El operativo de la Polic\u00eda de Misiones comenz\u00f3 durante las primeras horas de este lunes y contin\u00faa activo en distintas localidades. Con el avance de las recorridas se fueron incorporando nuevos sectores, principalmente colonias, chacras y zonas productivas.<\/p>\n\n\n\n<h3 class=\"wp-block-heading\"><strong>Da\u00f1os en Gobernador Roca y Santo Pip\u00f3<\/strong><\/h3>\n\n\n\n<p class=\"wp-block-paragraph\">En Gobernador Roca fueron relevadas&nbsp;<strong>seis viviendas con da\u00f1os en sus techos<\/strong>&nbsp;en las colonias Roca Chica, Yerut\u00ed y Yacutinga.<\/p>\n\n\n\n<p class=\"wp-block-paragraph\">Adem\u00e1s, se constat\u00f3 la ca\u00edda de \u00e1rboles y postes, junto con da\u00f1os en invernaderos de la zona.<\/p>\n\n\n\n<p class=\"wp-block-paragraph\">En Santo Pip\u00f3, en tanto, se contabilizaron aproximadamente&nbsp;<strong>25 viviendas afectadas<\/strong>&nbsp;en barrio Apep\u00fa, paraje El Cerro, paraje El Puerto y otros sectores urbanos y rurales.<\/p>\n\n\n\n<p class=\"wp-block-paragraph\">Entre los da\u00f1os se registraron voladuras de chapas, ingreso de agua en viviendas y p\u00e9rdidas materiales. Tambi\u00e9n sufri\u00f3 da\u00f1os el techo de un merendero barrial.<\/p>\n\n\n\n<h3 class=\"wp-block-heading\"><strong>El Soberbio tambi\u00e9n sufri\u00f3 las consecuencias del temporal<\/strong><\/h3>\n\n\n\n<p class=\"wp-block-paragraph\">El relevamiento actualizado en El Soberbio detect\u00f3 da\u00f1os en distintos sectores de la zona urbana.<\/p>\n\n\n\n<p class=\"wp-block-paragraph\">Sobre avenida San Mart\u00edn, varios comercios sufrieron desprendimientos y voladuras de techos y carteler\u00eda. Entre los establecimientos afectados se encuentran una verduler\u00eda y una panader\u00eda.<\/p>\n\n\n\n<p class=\"wp-block-paragraph\">Tambi\u00e9n se registraron&nbsp;<strong>postes del tendido el\u00e9ctrico ca\u00eddos<\/strong>.<\/p>\n\n\n\n<p class=\"wp-block-paragraph\">El gimnasio A\u00e9reo GIM, ubicado sobre calle Juan Domingo Per\u00f3n, sufri\u00f3 el desprendimiento del techo y la rotura de una vidriera. Adem\u00e1s, dos viviendas ubicadas sobre las calles 9 de Julio y Chivilcoy registraron da\u00f1os en sus techos.<\/p>\n\n\n\n<p class=\"wp-block-paragraph\">En otros sectores hubo \u00e1rboles ca\u00eddos sobre S\u00e1enz Pe\u00f1a y en la cancha municipal de calle Libertad. En plaza Belgrano tambi\u00e9n se encontraron ramas y carteler\u00eda derribadas.<\/p>\n\n\n\n<h3 class=\"wp-block-heading\"><strong>Trabajaron para liberar las rutas<\/strong><\/h3>\n\n\n\n<p class=\"wp-block-paragraph\">Sobre la&nbsp;<strong>Ruta Provincial 6, entre Corpus y Gobernador Roca<\/strong>, efectivos policiales retiraron ramas que hab\u00edan quedado sobre la calzada y restablecieron la circulaci\u00f3n.<\/p>\n\n\n\n<p class=\"wp-block-paragraph\">Mientras tanto, las patrullas contin\u00faan recorriendo barrios, colonias, chacras, caminos y sectores productivos para completar el relevamiento.<\/p>\n\n\n\n<p class=\"wp-block-paragraph\">Hasta el momento,&nbsp;<strong>no se registraron personas lesionadas ni familias evacuadas<\/strong>.<\/p>\n\n\n\n<p class=\"wp-block-paragraph\">Desde el Gobierno provincial, a trav\u00e9s del Ministerio de Gobierno, se mantiene activo el protocolo de coordinaci\u00f3n con los municipios para comunicar los da\u00f1os y necesidades detectados y avanzar con la asistencia correspondiente.<\/p>\n\n\n\n<p class=\"wp-block-paragraph\">(Misiones Cuatro).<\/p>\n","protected":false},"excerpt":{"rendered":"<p>Las intensas lluvias, fuertes r\u00e1fagas y la ca\u00edda de granizo provocaron da\u00f1os en distintos puntos de Misiones. El relevamiento realizado hasta el momento contabiliz\u00f3\u00a0al menos&#8230;<\/p>\n","protected":false},"author":1,"featured_media":37154,"comment_status":"closed","ping_status":"closed","sticky":false,"template":"","format":"standard","meta":{"_jetpack_newsletter_access":"","_jetpack_dont_email_post_to_subs":false,"_jetpack_newsletter_tier_id":0,"_jetpack_memberships_contains_paywalled_content":false,"_jetpack_feature_clip_id":0,"_jetpack_memberships_contains_paid_content":false,"footnotes":"","jetpack_post_was_ever_published":false},"categories":[6],"tags":[],"class_list":["post-37153","post","type-post","status-publish","format-standard","has-post-thumbnail","hentry","category-misiones","entry","double"],"jetpack_sharing_enabled":true,"jetpack_featured_media_url":"https:\/\/diarioahora.com.ar\/wp-content\/uploads\/2026\/09\/r2-2026-09-01T085138.421.jpg","_links":{"self":[{"href":"https:\/\/diarioahora.com.ar\/index.php\/wp-json\/wp\/v2\/posts\/37153","targetHints":{"allow":["GET"]}}],"collection":[{"href":"https:\/\/diarioahora.com.ar\/index.php\/wp-json\/wp\/v2\/posts"}],"about":[{"href":"https:\/\/diarioahora.com.ar\/index.php\/wp-json\/wp\/v2\/types\/post"}],"author":[{"embeddable":true,"href":"https:\/\/diarioahora.com.ar\/index.php\/wp-json\/wp\/v2\/users\/1"}],"replies":[{"embeddable":true,"href":"https:\/\/diarioahora.com.ar\/index.php\/wp-json\/wp\/v2\/comments?post=37153"}],"version-history":[{"count":1,"href":"https:\/\/diarioahora.com.ar\/index.php\/wp-json\/wp\/v2\/posts\/37153\/revisions"}],"predecessor-version":[{"id":37155,"href":"https:\/\/diarioahora.com.ar\/index.php\/wp-json\/wp\/v2\/posts\/37153\/revisions\/37155"}],"wp:featuredmedia":[{"embeddable":true,"href":"https:\/\/diarioahora.com.ar\/index.php\/wp-json\/wp\/v2\/media\/37154"}],"wp:attachment":[{"href":"https:\/\/diarioahora.com.ar\/index.php\/wp-json\/wp\/v2\/media?parent=37153"}],"wp:term":[{"taxonomy":"category","embeddable":true,"href":"https:\/\/diarioahora.com.ar\/index.php\/wp-json\/wp\/v2\/categories?post=37153"},{"taxonomy":"post_tag","embeddable":true,"href":"https:\/\/diarioahora.com.ar\/index.php\/wp-json\/wp\/v2\/tags?post=37153"}],"curies":[{"name":"wp","href":"https:\/\/api.w.org\/{rel}","templated":true}]}}