{"id":37150,"date":"2026-09-01T11:44:41","date_gmt":"2026-09-01T11:44:41","guid":{"rendered":"https:\/\/diarioahora.com.ar\/?p=37150"},"modified":"2026-09-01T11:44:42","modified_gmt":"2026-09-01T11:44:42","slug":"exceso-hidrico-en-el-norte-de-santa-fe-preparan-obras-para-agilizar-el-escurrimiento-del-agua","status":"publish","type":"post","link":"https:\/\/diarioahora.com.ar\/index.php\/2026\/09\/01\/exceso-hidrico-en-el-norte-de-santa-fe-preparan-obras-para-agilizar-el-escurrimiento-del-agua\/","title":{"rendered":"Exceso h\u00eddrico en el norte de Santa Fe: preparan obras para agilizar el escurrimiento del agua"},"content":{"rendered":"\n<p class=\"wp-block-paragraph\">El exceso h\u00eddrico en el norte de\u00a0<strong>Santa Fe,<\/strong>\u00a0producto del importante volumen de\u00a0<strong>lluvias<\/strong>\u00a0registrado durante los primeros meses del a\u00f1o, mantiene bajo seguimiento a la regi\u00f3n ante la posibilidad de nuevas precipitaciones en el marco del\u00a0<strong>fen\u00f3meno El Ni\u00f1o.<\/strong>\u00a0Frente a este escenario, se busca mejorar el escurrimiento del agua acumulada y las condiciones de drenaje.<\/p>\n\n\n\n<p class=\"wp-block-paragraph\">En ese marco, integrantes del Comit\u00e9 de Cuenca de Fort\u00edn Olmos mantuvieron una reuni\u00f3n con autoridades del Gobierno provincial para analizar la situaci\u00f3n y avanzar en obras que permitan acelerar el escurrimiento del agua en la regi\u00f3n.<\/p>\n\n\n\n<p class=\"wp-block-paragraph\">Santiago Laplacette, presidente del Comit\u00e9 de Cuenca de Fort\u00edn Olmos, explic\u00f3 en di\u00e1logo con\u00a0<em>Una Tarde a la Vez<\/em>, en\u00a0<strong>AIRE,<\/strong>\u00a0que\u00a0la zona atraviesa un escenario complejo por el volumen de precipitaciones acumulado y por el ingreso de agua proveniente de otras provincias, particularmente de Chaco y Santiago del Estero.<\/p>\n\n\n\n<h2 class=\"wp-block-heading\">Posibilidades de exceso h\u00eddrico en el norte de Santa Fe: el problema est\u00e1 en el escurrimiento<\/h2>\n\n\n\n<p class=\"wp-block-paragraph\">La cuenca de Fort\u00edn Olmos abarca casi 300.000 hect\u00e1reas y constituye una de las principales zonas agropecuarias de la regi\u00f3n. All\u00ed hay actualmente m\u00e1s de 100.000 cabezas de ganado, seg\u00fan detall\u00f3 Laplacette.<\/p>\n\n\n\n<p class=\"wp-block-paragraph\">El dirigente se\u00f1al\u00f3 que durante los primeros tres o cuatro meses del a\u00f1o se registraron alrededor de 1.350 mil\u00edmetros de lluvia, un volumen que supera las precipitaciones que habitualmente recibe la zona durante un a\u00f1o.<\/p>\n\n\n\n<p class=\"wp-block-paragraph\">La particularidad de la regi\u00f3n agrava el panorama. Fort\u00edn Olmos se encuentra en una zona baja y recibe tambi\u00e9n el denominado \u201cagua de a pie\u201d proveniente de Chaco y Santiago del Estero, por lo que las dificultades no dependen \u00fanicamente de las lluvias que se registren dentro del departamento. \u201cUno de los graves problemas que tenemos actualmente es la falta de drenaje\u201d, explic\u00f3 Laplacette.<\/p>\n\n\n\n<p class=\"wp-block-paragraph\">Seg\u00fan detall\u00f3, el Comit\u00e9 de Cuenca tiene a su cargo tareas vinculadas con la limpieza, el zanjeo, el drenaje, las cunetas y los puentes, aunque no interviene en el mantenimiento de los caminos rurales. El problema, sostuvo, es que aun cuando esas tareas se realizan, la cantidad de agua supera la capacidad de escurrimiento. \u201cSi el agua es abundante, no alcanza\u201d, resumi\u00f3.<\/p>\n\n\n\n<figure class=\"wp-block-image is-resized\"><img decoding=\"async\" src=\"https:\/\/media.airedesantafe.com.ar\/p\/7dab51c1552686700563c5c7b177a80c\/adjuntos\/268\/imagenes\/003\/758\/0003758772\/1200x0\/smart\/fortin-olmosjpg.jpg\" alt=\"La comuna de Fort&iacute;n Olmos.\" style=\"width:1200px;height:auto\" title=\"La comuna de Fort&iacute;n Olmos.\"\/><\/figure>\n\n\n\n<p class=\"wp-block-paragraph\">La comuna de Fort\u00edn Olmos.<\/p>\n\n\n\n<h2 class=\"wp-block-heading\">Una reuni\u00f3n con Provincia para mejorar el drenaje<\/h2>\n\n\n\n<p class=\"wp-block-paragraph\">Ante este escenario, representantes del Comit\u00e9 de Cuenca participaron de una reuni\u00f3n en el Ministerio de Obras P\u00fablicas de Santa Fe, donde analizaron junto a funcionarios provinciales la situaci\u00f3n h\u00eddrica de la regi\u00f3n.<\/p>\n\n\n\n<p class=\"wp-block-paragraph\">Uno de los puntos se\u00f1alados como problem\u00e1ticos es el arroyo Calchaqu\u00ed, que atraviesa una zona clave para el escurrimiento y termina funcionando como un cuello de botella para que el agua llegue al r\u00edo Salado.<\/p>\n\n\n\n<p class=\"wp-block-paragraph\">Laplacette explic\u00f3 que desde comienzos de a\u00f1o observa que el nivel del arroyo desciende apenas unos cent\u00edmetros por d\u00eda. Tambi\u00e9n mencion\u00f3 dificultades para drenar el agua en inmediaciones a Vera.<\/p>\n\n\n\n<p class=\"wp-block-paragraph\">El objetivo del trabajo conjunto es mejorar las condiciones de escurrimiento y anticiparse a un agravamiento de la situaci\u00f3n, especialmente ante un escenario clim\u00e1tico que mantiene bajo atenci\u00f3n a la regi\u00f3n.<\/p>\n\n\n\n<h2 class=\"wp-block-heading\">El antecedente de 1998 y la cautela por la producci\u00f3n<\/h2>\n\n\n\n<p class=\"wp-block-paragraph\">Durante el encuentro con funcionarios provinciales tambi\u00e9n se compar\u00f3 la situaci\u00f3n actual con la emergencia h\u00eddrica de 1998, uno de los antecedentes que m\u00e1s permanece en la memoria de los habitantes del norte santafesino.<\/p>\n\n\n\n<p class=\"wp-block-paragraph\">Para Laplacette, esa referencia permite dimensionar la posible gravedad del escenario y la necesidad de actuar antes de que las consecuencias sean mayores.<\/p>\n\n\n\n<p class=\"wp-block-paragraph\">La cautela alcanza especialmente a la actividad ganadera, pero tambi\u00e9n a las familias que viven en las zonas afectadas. El dirigente advirti\u00f3 que una profundizaci\u00f3n del exceso h\u00eddrico podr\u00eda generar importantes p\u00e9rdidas econ\u00f3micas y productivas despu\u00e9s de a\u00f1os de trabajo.<\/p>\n\n\n\n<p class=\"wp-block-paragraph\">Adem\u00e1s, explic\u00f3 que resulta dif\u00edcil anticipar con precisi\u00f3n c\u00f3mo evolucionar\u00e1 el panorama porque no solo deben considerarse las posibles lluvias en Santa Fe: si se producen precipitaciones importantes en Chaco y Santiago del Estero, el agua puede igualmente avanzar hacia la regi\u00f3n y complicar el drenaje.<\/p>\n\n\n\n<p class=\"wp-block-paragraph\">(Aire de Santa Fe).<\/p>\n","protected":false},"excerpt":{"rendered":"<p>El exceso h\u00eddrico en el norte de\u00a0Santa Fe,\u00a0producto del importante volumen de\u00a0lluvias\u00a0registrado durante los primeros meses del a\u00f1o, mantiene bajo seguimiento a la regi\u00f3n ante&#8230;<\/p>\n","protected":false},"author":1,"featured_media":37151,"comment_status":"closed","ping_status":"closed","sticky":false,"template":"","format":"standard","meta":{"_jetpack_newsletter_access":"","_jetpack_dont_email_post_to_subs":false,"_jetpack_newsletter_tier_id":0,"_jetpack_memberships_contains_paywalled_content":false,"_jetpack_feature_clip_id":0,"_jetpack_memberships_contains_paid_content":false,"footnotes":"","jetpack_post_was_ever_published":false},"categories":[11],"tags":[],"class_list":["post-37150","post","type-post","status-publish","format-standard","has-post-thumbnail","hentry","category-santa-fe","entry","double"],"jetpack_sharing_enabled":true,"jetpack_featured_media_url":"https:\/\/diarioahora.com.ar\/wp-content\/uploads\/2026\/09\/r2.webp","_links":{"self":[{"href":"https:\/\/diarioahora.com.ar\/index.php\/wp-json\/wp\/v2\/posts\/37150","targetHints":{"allow":["GET"]}}],"collection":[{"href":"https:\/\/diarioahora.com.ar\/index.php\/wp-json\/wp\/v2\/posts"}],"about":[{"href":"https:\/\/diarioahora.com.ar\/index.php\/wp-json\/wp\/v2\/types\/post"}],"author":[{"embeddable":true,"href":"https:\/\/diarioahora.com.ar\/index.php\/wp-json\/wp\/v2\/users\/1"}],"replies":[{"embeddable":true,"href":"https:\/\/diarioahora.com.ar\/index.php\/wp-json\/wp\/v2\/comments?post=37150"}],"version-history":[{"count":1,"href":"https:\/\/diarioahora.com.ar\/index.php\/wp-json\/wp\/v2\/posts\/37150\/revisions"}],"predecessor-version":[{"id":37152,"href":"https:\/\/diarioahora.com.ar\/index.php\/wp-json\/wp\/v2\/posts\/37150\/revisions\/37152"}],"wp:featuredmedia":[{"embeddable":true,"href":"https:\/\/diarioahora.com.ar\/index.php\/wp-json\/wp\/v2\/media\/37151"}],"wp:attachment":[{"href":"https:\/\/diarioahora.com.ar\/index.php\/wp-json\/wp\/v2\/media?parent=37150"}],"wp:term":[{"taxonomy":"category","embeddable":true,"href":"https:\/\/diarioahora.com.ar\/index.php\/wp-json\/wp\/v2\/categories?post=37150"},{"taxonomy":"post_tag","embeddable":true,"href":"https:\/\/diarioahora.com.ar\/index.php\/wp-json\/wp\/v2\/tags?post=37150"}],"curies":[{"name":"wp","href":"https:\/\/api.w.org\/{rel}","templated":true}]}}