{"id":37131,"date":"2026-08-31T15:09:28","date_gmt":"2026-08-31T15:09:28","guid":{"rendered":"https:\/\/diarioahora.com.ar\/?p=37131"},"modified":"2026-08-31T15:09:29","modified_gmt":"2026-08-31T15:09:29","slug":"lanzan-operativo-para-dar-con-el-paradero-de-un-joven-de-21-anos-que-se-habria-arrojado-al-rio-parana-desde-el-puente-general-belgrano","status":"publish","type":"post","link":"https:\/\/diarioahora.com.ar\/index.php\/2026\/08\/31\/lanzan-operativo-para-dar-con-el-paradero-de-un-joven-de-21-anos-que-se-habria-arrojado-al-rio-parana-desde-el-puente-general-belgrano\/","title":{"rendered":"Lanzan operativo para dar con el paradero de un joven de 21 a\u00f1os que se habr\u00eda arrojado al r\u00edo Paran\u00e1 desde el Puente General Belgrano"},"content":{"rendered":"\n<h3 class=\"wp-block-heading\"><strong>Este lunes por la ma\u00f1ana, personal de la Divisi\u00f3n Patrulla Fluvial inici\u00f3 un nuevo operativo de b\u00fasqueda sobre el r\u00edo Paran\u00e1, con el objetivo de localizar a Gabriel Cicuta, quien, seg\u00fan la informaci\u00f3n reunida en la investigaci\u00f3n, se habr\u00eda arrojado del puente interprovincial Manuel Belgrano el pasado 17 de julio.<\/strong>&nbsp;<\/h3>\n\n\n\n<p class=\"wp-block-paragraph\">El procedimiento es supervisado por el Subjefe de Polic\u00eda, Victoriano Silva,&nbsp;<strong>y contempla la navegaci\u00f3n aguas abajo por las costas de las provincias de Chaco y Corrientes, extendi\u00e9ndose hasta las proximidades de la provincia de Santa Fe.<\/strong><\/p>\n\n\n\n<p class=\"wp-block-paragraph\">Del despliegue participan efectivos de la Patrulla Fluvial, personal del Servicio Penitenciario y familiares del joven, quienes colaboran en las tareas de b\u00fasqueda.<\/p>\n\n\n\n<p class=\"wp-block-paragraph\">El operativo cuenta con recursos especializados y se desarrolla de manera coordinada,&nbsp;<strong>con el objetivo de avanzar en la b\u00fasqueda y dar con el paradero del joven.<\/strong><\/p>\n\n\n\n<p class=\"wp-block-paragraph\">(Data Chaco).<\/p>\n","protected":false},"excerpt":{"rendered":"<p>Este lunes por la ma\u00f1ana, personal de la Divisi\u00f3n Patrulla Fluvial inici\u00f3 un nuevo operativo de b\u00fasqueda sobre el r\u00edo Paran\u00e1, con el objetivo de&#8230;<\/p>\n","protected":false},"author":1,"featured_media":37132,"comment_status":"closed","ping_status":"closed","sticky":false,"template":"","format":"standard","meta":{"_jetpack_newsletter_access":"","_jetpack_dont_email_post_to_subs":false,"_jetpack_newsletter_tier_id":0,"_jetpack_memberships_contains_paywalled_content":false,"_jetpack_feature_clip_id":0,"_jetpack_memberships_contains_paid_content":false,"footnotes":"","jetpack_post_was_ever_published":false},"categories":[3],"tags":[],"class_list":["post-37131","post","type-post","status-publish","format-standard","has-post-thumbnail","hentry","category-chaco","entry","double"],"jetpack_sharing_enabled":true,"jetpack_featured_media_url":"https:\/\/diarioahora.com.ar\/wp-content\/uploads\/2026\/08\/r2-51.jpg","_links":{"self":[{"href":"https:\/\/diarioahora.com.ar\/index.php\/wp-json\/wp\/v2\/posts\/37131","targetHints":{"allow":["GET"]}}],"collection":[{"href":"https:\/\/diarioahora.com.ar\/index.php\/wp-json\/wp\/v2\/posts"}],"about":[{"href":"https:\/\/diarioahora.com.ar\/index.php\/wp-json\/wp\/v2\/types\/post"}],"author":[{"embeddable":true,"href":"https:\/\/diarioahora.com.ar\/index.php\/wp-json\/wp\/v2\/users\/1"}],"replies":[{"embeddable":true,"href":"https:\/\/diarioahora.com.ar\/index.php\/wp-json\/wp\/v2\/comments?post=37131"}],"version-history":[{"count":1,"href":"https:\/\/diarioahora.com.ar\/index.php\/wp-json\/wp\/v2\/posts\/37131\/revisions"}],"predecessor-version":[{"id":37133,"href":"https:\/\/diarioahora.com.ar\/index.php\/wp-json\/wp\/v2\/posts\/37131\/revisions\/37133"}],"wp:featuredmedia":[{"embeddable":true,"href":"https:\/\/diarioahora.com.ar\/index.php\/wp-json\/wp\/v2\/media\/37132"}],"wp:attachment":[{"href":"https:\/\/diarioahora.com.ar\/index.php\/wp-json\/wp\/v2\/media?parent=37131"}],"wp:term":[{"taxonomy":"category","embeddable":true,"href":"https:\/\/diarioahora.com.ar\/index.php\/wp-json\/wp\/v2\/categories?post=37131"},{"taxonomy":"post_tag","embeddable":true,"href":"https:\/\/diarioahora.com.ar\/index.php\/wp-json\/wp\/v2\/tags?post=37131"}],"curies":[{"name":"wp","href":"https:\/\/api.w.org\/{rel}","templated":true}]}}