{"id":37128,"date":"2026-08-31T15:01:29","date_gmt":"2026-08-31T15:01:29","guid":{"rendered":"https:\/\/diarioahora.com.ar\/?p=37128"},"modified":"2026-08-31T15:01:31","modified_gmt":"2026-08-31T15:01:31","slug":"formosa-es-la-provincia-de-la-region-litoral-donde-mas-empresas-cierran-ahora-musimundo-cerro-sus-locales-en-formosa-y-desafectaron-a-mas-de-30-empleados","status":"publish","type":"post","link":"https:\/\/diarioahora.com.ar\/index.php\/2026\/08\/31\/formosa-es-la-provincia-de-la-region-litoral-donde-mas-empresas-cierran-ahora-musimundo-cerro-sus-locales-en-formosa-y-desafectaron-a-mas-de-30-empleados\/","title":{"rendered":"Formosa es la provincia de la regi\u00f3n Litoral donde m\u00e1s empresas cierran: Ahora Musimundo cerr\u00f3 sus locales en Formosa y desafectaron a m\u00e1s de 30 empleados"},"content":{"rendered":"\n<p class=\"wp-block-paragraph\">La situaci\u00f3n de la empresa Musimundo en la provincia de Formosa comenz\u00f3 a reflejarse este lunes de manera visible en sus locales comerciales de la ciudad capital, donde las puertas permanecieron cerradas y numerosos clientes se encontraron con una inesperada realidad al intentar realizar distintos tr\u00e1mites.<\/p>\n\n\n\n<p class=\"wp-block-paragraph\">Uno de los casos m\u00e1s llamativos se registr\u00f3 en la sucursal ubicada sobre la calle Saavedra, donde el local permanece completamente cerrado y con sus vidrieras y accesos empapelados, una imagen que evidencia el cese de actividades en ese punto comercial.<\/p>\n\n\n\n<p class=\"wp-block-paragraph\">Distinta es la situaci\u00f3n que se observa en el local de la avenida 9 de Julio. Si bien la sucursal tambi\u00e9n se encuentra cerrada y sin atenci\u00f3n al p\u00fablico, el frente del comercio no est\u00e1 empapelado, lo que inicialmente gener\u00f3 dudas entre algunos clientes que se acercaron durante las primeras horas de la jornada.<\/p>\n\n\n\n<p class=\"wp-block-paragraph\">Precisamente, durante la ma\u00f1ana de hoy, varias personas se encontraban en la puerta del local de avenida 9 de Julio con la ilusi\u00f3n de poder ingresar y realizar tr\u00e1mites comerciales, consultas o gestiones relacionadas con sus compras. Sin embargo, se encontraron con las puertas cerradas y sin atenci\u00f3n.<\/p>\n\n\n\n<p class=\"wp-block-paragraph\">Pero la sorpresa fue a\u00fan mayor para quienes intentaron buscar informaci\u00f3n a trav\u00e9s de Internet. Al ingresar a la p\u00e1gina oficial de Musimundo, el sitio figura&nbsp;<strong>en mantenimiento&nbsp;<\/strong>&nbsp;y muestra una leyenda dirigida a los usuarios.<\/p>\n\n\n\n<p class=\"wp-block-paragraph\">El mensaje se\u00f1ala:&nbsp;<strong>&#8220;Pod\u00e9s contactarnos a trav\u00e9s de los medios que se detallan a continuaci\u00f3n seg\u00fan tu provincia de residencia en Argentina&#8221;&nbsp;<\/strong>, dejando a los clientes ante la necesidad de recurrir a los canales de contacto habilitados para realizar consultas o intentar resolver sus tr\u00e1mites comerciales.<\/p>\n\n\n\n<p class=\"wp-block-paragraph\">LINK ENTRAR EN LA PAGINA DE MUSIMUNDO:&nbsp;<a href=\"https:\/\/www.musimundo.com\/\">https:\/\/www.musimundo.com\/<\/a><\/p>\n\n\n\n<p class=\"wp-block-paragraph\">El cierre de las sucursales forma parte de una situaci\u00f3n que alcanza a distintos puntos de la provincia. Musimundo habr\u00eda cerrado locales en la ciudad de Formosa, Clorinda, Piran\u00e9, Las Lomitas y El Colorado, dejando&nbsp; cerca de&nbsp;<strong>35 empleados desafectados&nbsp;<\/strong>.<\/p>\n\n\n\n<p class=\"wp-block-paragraph\"><strong>Historial financiero<\/strong><\/p>\n\n\n\n<p class=\"wp-block-paragraph\">La empresa ya ven\u00eda atravesando dificultades financieras desde hace varios a\u00f1os y hab\u00eda ingresado en concurso de acreedores en 2018. Ahora, en el marco de una nueva etapa de reestructuraci\u00f3n, la desafectaci\u00f3n de trabajadores tambi\u00e9n alcanzar\u00eda a otras provincias del Nordeste, como Misiones, Corrientes y Chaco.<\/p>\n\n\n\n<p class=\"wp-block-paragraph\">Mientras tanto, la incertidumbre se hace sentir tanto entre los trabajadores afectados como entre los clientes que este lunes, sin informaci\u00f3n previa sobre c\u00f3mo continuar con sus tr\u00e1mites comerciales, llegaron hasta las sucursales esperando encontrar las puertas abiertas.<\/p>\n\n\n\n<p class=\"wp-block-paragraph\">(Diario El Comercial).<\/p>\n","protected":false},"excerpt":{"rendered":"<p>La situaci\u00f3n de la empresa Musimundo en la provincia de Formosa comenz\u00f3 a reflejarse este lunes de manera visible en sus locales comerciales de la&#8230;<\/p>\n","protected":false},"author":1,"featured_media":37129,"comment_status":"closed","ping_status":"closed","sticky":false,"template":"","format":"standard","meta":{"_jetpack_newsletter_access":"","_jetpack_dont_email_post_to_subs":false,"_jetpack_newsletter_tier_id":0,"_jetpack_memberships_contains_paywalled_content":false,"_jetpack_feature_clip_id":0,"_jetpack_memberships_contains_paid_content":false,"footnotes":"","jetpack_post_was_ever_published":false},"categories":[4],"tags":[],"class_list":["post-37128","post","type-post","status-publish","format-standard","has-post-thumbnail","hentry","category-formosa","entry","double"],"jetpack_sharing_enabled":true,"jetpack_featured_media_url":"https:\/\/diarioahora.com.ar\/wp-content\/uploads\/2026\/08\/r2-74.webp","_links":{"self":[{"href":"https:\/\/diarioahora.com.ar\/index.php\/wp-json\/wp\/v2\/posts\/37128","targetHints":{"allow":["GET"]}}],"collection":[{"href":"https:\/\/diarioahora.com.ar\/index.php\/wp-json\/wp\/v2\/posts"}],"about":[{"href":"https:\/\/diarioahora.com.ar\/index.php\/wp-json\/wp\/v2\/types\/post"}],"author":[{"embeddable":true,"href":"https:\/\/diarioahora.com.ar\/index.php\/wp-json\/wp\/v2\/users\/1"}],"replies":[{"embeddable":true,"href":"https:\/\/diarioahora.com.ar\/index.php\/wp-json\/wp\/v2\/comments?post=37128"}],"version-history":[{"count":1,"href":"https:\/\/diarioahora.com.ar\/index.php\/wp-json\/wp\/v2\/posts\/37128\/revisions"}],"predecessor-version":[{"id":37130,"href":"https:\/\/diarioahora.com.ar\/index.php\/wp-json\/wp\/v2\/posts\/37128\/revisions\/37130"}],"wp:featuredmedia":[{"embeddable":true,"href":"https:\/\/diarioahora.com.ar\/index.php\/wp-json\/wp\/v2\/media\/37129"}],"wp:attachment":[{"href":"https:\/\/diarioahora.com.ar\/index.php\/wp-json\/wp\/v2\/media?parent=37128"}],"wp:term":[{"taxonomy":"category","embeddable":true,"href":"https:\/\/diarioahora.com.ar\/index.php\/wp-json\/wp\/v2\/categories?post=37128"},{"taxonomy":"post_tag","embeddable":true,"href":"https:\/\/diarioahora.com.ar\/index.php\/wp-json\/wp\/v2\/tags?post=37128"}],"curies":[{"name":"wp","href":"https:\/\/api.w.org\/{rel}","templated":true}]}}