{"id":37118,"date":"2026-08-31T14:41:01","date_gmt":"2026-08-31T14:41:01","guid":{"rendered":"https:\/\/diarioahora.com.ar\/?p=37118"},"modified":"2026-08-31T14:41:50","modified_gmt":"2026-08-31T14:41:50","slug":"el-periodista-fernando-lopez-apunto-al-intendente-mario-brignole-porque-festejo-que-50-familias-quedaron-sin-su-fuente-laboral-tras-el-cierre-de-la-empresa-de-paoltroni-brignole-demuestra-su-bajesa","status":"publish","type":"post","link":"https:\/\/diarioahora.com.ar\/index.php\/2026\/08\/31\/el-periodista-fernando-lopez-apunto-al-intendente-mario-brignole-porque-festejo-que-50-familias-quedaron-sin-su-fuente-laboral-tras-el-cierre-de-la-empresa-de-paoltroni-brignole-demuestra-su-bajesa\/","title":{"rendered":"El periodista Fernando L\u00f3pez apunt\u00f3 contra el intendente Brignole porque festej\u00f3 que 50 familias quedaran sin su fuente laboral tras el cierre de la empresa de Paoltroni: &#8220;Brignole demuestra su bajeza como persona&#8221;"},"content":{"rendered":"\n<p class=\"wp-block-paragraph\">En su editorial del programa <strong>\u201cAlgo Est\u00e1 Pasando\u201d<\/strong>, emitido por VLU Radio, el periodista Fernando L\u00f3pez apunt\u00f3 duramente contra el intendente de El Colorado, Mario Brignole, quien se burl\u00f3 y celebr\u00f3 p\u00fablicamente el cierre de las empresas del senador Francisco Paoltroni.<\/p>\n\n\n\n<p class=\"wp-block-paragraph\">L\u00f3pez repudi\u00f3 la actitud del jefe comunal y sostuvo que \u201cno se puede alegrar cuando 50 familias quedan en la calle y sin su fuente de trabajo. Eso demuestra su bajeza como persona\u201d.<\/p>\n\n\n\n<p class=\"wp-block-paragraph\">El propio senador Paoltroni hab\u00eda informado en sus redes sociales el <strong>cese de sus actividades empresariales<\/strong>, atribuy\u00e9ndolo a una persecuci\u00f3n pol\u00edtica y judicial. La noticia gener\u00f3 un fuerte impacto en la provincia y a nivel nacional.<\/p>\n\n\n\n<p class=\"wp-block-paragraph\">El b<strong>loque de La Libertad Avanza<\/strong> de Senadores, manifestaron su repudio a la situaci\u00f3n y expresaron solidaridad con el empresario formose\u00f1o.<\/p>\n\n\n\n<p class=\"wp-block-paragraph\">El radicalismo provincial emiti\u00f3 un comunicado firmado por su presidenta, Agostina Villaggi, en el que conden\u00f3 la persecuci\u00f3n y se solidariz\u00f3 con Paoltroni.<\/p>\n\n\n\n<p class=\"wp-block-paragraph\">El episodio expone nuevamente la tensi\u00f3n entre la pol\u00edtica provincial y la actividad empresarial en Formosa, y abre un debate sobre los l\u00edmites de la confrontaci\u00f3n pol\u00edtica cuando las consecuencias afectan directamente a trabajadores y familias.<\/p>\n","protected":false},"excerpt":{"rendered":"<p>En su editorial del programa \u201cAlgo Est\u00e1 Pasando\u201d, emitido por VLU Radio, el periodista Fernando L\u00f3pez apunt\u00f3 duramente contra el intendente de El Colorado, Mario&#8230;<\/p>\n","protected":false},"author":1,"featured_media":37119,"comment_status":"closed","ping_status":"closed","sticky":false,"template":"","format":"standard","meta":{"_jetpack_newsletter_access":"","_jetpack_dont_email_post_to_subs":false,"_jetpack_newsletter_tier_id":0,"_jetpack_memberships_contains_paywalled_content":false,"_jetpack_feature_clip_id":0,"_jetpack_memberships_contains_paid_content":false,"footnotes":"","jetpack_post_was_ever_published":false},"categories":[4],"tags":[],"class_list":["post-37118","post","type-post","status-publish","format-standard","has-post-thumbnail","hentry","category-formosa","entry","double"],"jetpack_sharing_enabled":true,"jetpack_featured_media_url":"https:\/\/diarioahora.com.ar\/wp-content\/uploads\/2026\/08\/r2-2026-08-31T114020.492.jpg","_links":{"self":[{"href":"https:\/\/diarioahora.com.ar\/index.php\/wp-json\/wp\/v2\/posts\/37118","targetHints":{"allow":["GET"]}}],"collection":[{"href":"https:\/\/diarioahora.com.ar\/index.php\/wp-json\/wp\/v2\/posts"}],"about":[{"href":"https:\/\/diarioahora.com.ar\/index.php\/wp-json\/wp\/v2\/types\/post"}],"author":[{"embeddable":true,"href":"https:\/\/diarioahora.com.ar\/index.php\/wp-json\/wp\/v2\/users\/1"}],"replies":[{"embeddable":true,"href":"https:\/\/diarioahora.com.ar\/index.php\/wp-json\/wp\/v2\/comments?post=37118"}],"version-history":[{"count":2,"href":"https:\/\/diarioahora.com.ar\/index.php\/wp-json\/wp\/v2\/posts\/37118\/revisions"}],"predecessor-version":[{"id":37121,"href":"https:\/\/diarioahora.com.ar\/index.php\/wp-json\/wp\/v2\/posts\/37118\/revisions\/37121"}],"wp:featuredmedia":[{"embeddable":true,"href":"https:\/\/diarioahora.com.ar\/index.php\/wp-json\/wp\/v2\/media\/37119"}],"wp:attachment":[{"href":"https:\/\/diarioahora.com.ar\/index.php\/wp-json\/wp\/v2\/media?parent=37118"}],"wp:term":[{"taxonomy":"category","embeddable":true,"href":"https:\/\/diarioahora.com.ar\/index.php\/wp-json\/wp\/v2\/categories?post=37118"},{"taxonomy":"post_tag","embeddable":true,"href":"https:\/\/diarioahora.com.ar\/index.php\/wp-json\/wp\/v2\/tags?post=37118"}],"curies":[{"name":"wp","href":"https:\/\/api.w.org\/{rel}","templated":true}]}}