{"id":37114,"date":"2026-08-31T14:16:01","date_gmt":"2026-08-31T14:16:01","guid":{"rendered":"https:\/\/diarioahora.com.ar\/?p=37114"},"modified":"2026-08-31T14:16:12","modified_gmt":"2026-08-31T14:16:12","slug":"murio-una-beba-de-4-meses-tras-ser-atacada-por-un-pitbull-mientras-dormia-en-malvinas-argentinas","status":"publish","type":"post","link":"https:\/\/diarioahora.com.ar\/index.php\/2026\/08\/31\/murio-una-beba-de-4-meses-tras-ser-atacada-por-un-pitbull-mientras-dormia-en-malvinas-argentinas\/","title":{"rendered":"Muri\u00f3 una beba de 4 meses tras ser atacada por un pitbull mientras dorm\u00eda en la localidad de Malvinas Argentinas"},"content":{"rendered":"\n<p class=\"wp-block-paragraph\">La muerte de\u00a0<strong>una beba de cuatro meses<\/strong>\u00a0conmocion\u00f3 a la localidad bonaerense de Malvinas Argentinas. Emma Cabral falleci\u00f3 luego de haber sido atacada por un perro\u00a0<strong>pitbull<\/strong>\u00a0dentro de su propia vivienda. El animal le provoc\u00f3 heridas de extrema gravedad, principalmente en la zona de la cabeza.<\/p>\n\n\n\n<p class=\"wp-block-paragraph\">El hecho tuvo lugar en una casa ubicada sobre la calle O\u2019Brien al 4300. De acuerdo con la informaci\u00f3n preliminar difundida por Informe Norte,&nbsp;<strong>el perro habr\u00eda ingresado al sector principal de la propiedad&nbsp;<\/strong>durante un momento de descuido y se dirigi\u00f3 hacia la beba.<\/p>\n\n\n\n<p class=\"wp-block-paragraph\">La situaci\u00f3n gener\u00f3 una inmediata reacci\u00f3n de los familiares, que trasladaron a Emma de urgencia a un centro de salud. La ni\u00f1a ingres\u00f3 con pron\u00f3stico reservado debido a la&nbsp;<strong>gravedad de las lesiones&nbsp;<\/strong>sufridas durante el ataque.<\/p>\n\n\n\n<p class=\"wp-block-paragraph\">Pese a la atenci\u00f3n m\u00e9dica recibida, el cuadro de la peque\u00f1a no pudo ser revertido. Emma\u00a0<strong>muri\u00f3<\/strong>\u00a0horas despu\u00e9s como consecuencia de las heridas provocadas por el animal.<\/p>\n\n\n\n<p class=\"wp-block-paragraph\">Luego de conocerse el fallecimiento, la intervenci\u00f3n de la Justicia qued\u00f3 formalizada. La fiscal\u00eda de turno comenz\u00f3 a&nbsp;<strong>investigar<\/strong>&nbsp;el episodio con el objetivo de reconstruir qu\u00e9 ocurri\u00f3 dentro de la vivienda y establecer si existieron responsabilidades vinculadas con el ataque.<\/p>\n\n\n\n<p class=\"wp-block-paragraph\">En paralelo,&nbsp;<strong>el perro fue retirado del domicilio<\/strong>&nbsp;por orden judicial. El animal qued\u00f3 bajo custodia de la dependencia local de zoonosis, donde permanecer\u00e1 aislado durante diez d\u00edas.<\/p>\n\n\n\n<p class=\"wp-block-paragraph\">Durante ese per\u00edodo se realizar\u00e1n los&nbsp;<strong>controles sanitarios&nbsp;<\/strong>y de comportamiento correspondientes para determinar su estado y avanzar con las medidas previstas para este tipo de situaciones.<\/p>\n\n\n\n<p class=\"wp-block-paragraph\">Por el momento, la investigaci\u00f3n contin\u00faa centrada en determinar de qu\u00e9 manera el perro lleg\u00f3 hasta el lugar donde se encontraba la&nbsp;<strong>beba<\/strong>&nbsp;y cu\u00e1les fueron las circunstancias que precedieron al ataque fatal. Los resultados de las actuaciones ser\u00e1n claves para establecer c\u00f3mo continuar\u00e1 la causa judicial.<\/p>\n\n\n\n<p class=\"wp-block-paragraph\">(Radio Mitre).<\/p>\n","protected":false},"excerpt":{"rendered":"<p>La muerte de\u00a0una beba de cuatro meses\u00a0conmocion\u00f3 a la localidad bonaerense de Malvinas Argentinas. Emma Cabral falleci\u00f3 luego de haber sido atacada por un perro\u00a0pitbull\u00a0dentro&#8230;<\/p>\n","protected":false},"author":1,"featured_media":37115,"comment_status":"closed","ping_status":"closed","sticky":false,"template":"","format":"standard","meta":{"_jetpack_newsletter_access":"","_jetpack_dont_email_post_to_subs":false,"_jetpack_newsletter_tier_id":0,"_jetpack_memberships_contains_paywalled_content":false,"_jetpack_feature_clip_id":0,"_jetpack_memberships_contains_paid_content":false,"footnotes":"","jetpack_post_was_ever_published":false},"categories":[8],"tags":[],"class_list":["post-37114","post","type-post","status-publish","format-standard","has-post-thumbnail","hentry","category-nacionales","entry","double"],"jetpack_sharing_enabled":true,"jetpack_featured_media_url":"https:\/\/diarioahora.com.ar\/wp-content\/uploads\/2026\/08\/r2-50.jpg","_links":{"self":[{"href":"https:\/\/diarioahora.com.ar\/index.php\/wp-json\/wp\/v2\/posts\/37114","targetHints":{"allow":["GET"]}}],"collection":[{"href":"https:\/\/diarioahora.com.ar\/index.php\/wp-json\/wp\/v2\/posts"}],"about":[{"href":"https:\/\/diarioahora.com.ar\/index.php\/wp-json\/wp\/v2\/types\/post"}],"author":[{"embeddable":true,"href":"https:\/\/diarioahora.com.ar\/index.php\/wp-json\/wp\/v2\/users\/1"}],"replies":[{"embeddable":true,"href":"https:\/\/diarioahora.com.ar\/index.php\/wp-json\/wp\/v2\/comments?post=37114"}],"version-history":[{"count":2,"href":"https:\/\/diarioahora.com.ar\/index.php\/wp-json\/wp\/v2\/posts\/37114\/revisions"}],"predecessor-version":[{"id":37117,"href":"https:\/\/diarioahora.com.ar\/index.php\/wp-json\/wp\/v2\/posts\/37114\/revisions\/37117"}],"wp:featuredmedia":[{"embeddable":true,"href":"https:\/\/diarioahora.com.ar\/index.php\/wp-json\/wp\/v2\/media\/37115"}],"wp:attachment":[{"href":"https:\/\/diarioahora.com.ar\/index.php\/wp-json\/wp\/v2\/media?parent=37114"}],"wp:term":[{"taxonomy":"category","embeddable":true,"href":"https:\/\/diarioahora.com.ar\/index.php\/wp-json\/wp\/v2\/categories?post=37114"},{"taxonomy":"post_tag","embeddable":true,"href":"https:\/\/diarioahora.com.ar\/index.php\/wp-json\/wp\/v2\/tags?post=37114"}],"curies":[{"name":"wp","href":"https:\/\/api.w.org\/{rel}","templated":true}]}}