{"id":37108,"date":"2026-08-30T17:43:47","date_gmt":"2026-08-30T17:43:47","guid":{"rendered":"https:\/\/diarioahora.com.ar\/?p=37108"},"modified":"2026-08-30T17:43:47","modified_gmt":"2026-08-30T17:43:47","slug":"un-nino-le-conto-a-su-maestra-sobre-un-presunto-abuso-sexual-la-docente-denuncio-a-la-policia-y-detuvieron-al-padre-del-menor","status":"publish","type":"post","link":"https:\/\/diarioahora.com.ar\/index.php\/2026\/08\/30\/un-nino-le-conto-a-su-maestra-sobre-un-presunto-abuso-sexual-la-docente-denuncio-a-la-policia-y-detuvieron-al-padre-del-menor\/","title":{"rendered":"Un ni\u00f1o le cont\u00f3 a su maestra sobre un presunto abuso sexual: La docente denunci\u00f3 a la polic\u00eda y detuvieron al padre del menor"},"content":{"rendered":"\n<h3 class=\"wp-block-heading\"><strong>Un grave caso de presunto abuso sexual infantil fue denunciado en las \u00faltimas horas en Avia Terai, luego de que una docente advirtiera que uno de sus alumnos se encontraba llorando y le relatara una situaci\u00f3n de extrema gravedad.<\/strong>&nbsp;<\/h3>\n\n\n\n<p class=\"wp-block-paragraph\">Seg\u00fan consta en la denuncia,&nbsp;<strong>el ni\u00f1o, de 11 a\u00f1os, manifest\u00f3 que cuando su padre se encontraba en el domicilio no quer\u00eda ba\u00f1arse, porque el hombre ingresaba y lo habr\u00eda sometido a tocamientos. Adem\u00e1s, habr\u00eda referido un episodio que le provoc\u00f3 un intenso dolor.<\/strong><\/p>\n\n\n\n<p class=\"wp-block-paragraph\">Ante la situaci\u00f3n,&nbsp;<strong>la docente realiz\u00f3 la denuncia y el menor fue trasladado, acompa\u00f1ado por su abuelo, al Hospital 4 de Junio de Presidencia Roque S\u00e1enz Pe\u00f1a, donde fue sometido a una evaluaci\u00f3n m\u00e9dica.<\/strong><\/p>\n\n\n\n<p class=\"wp-block-paragraph\">A partir de las averiguaciones realizadas por la Polic\u00eda, se estableci\u00f3 que&nbsp;<strong>el hombre se\u00f1alado como presunto autor se encontraba trabajando en una zona rural de Fuerte Esperanza.<\/strong><\/p>\n\n\n\n<p class=\"wp-block-paragraph\">Con la colaboraci\u00f3n de la Polic\u00eda de esa localidad,&nbsp;<strong>el sospechoso, de 38 a\u00f1os, fue localizado y posteriormente detenido por disposici\u00f3n del fiscal interviniente, Gustavo Valero, a cargo de la Fiscal\u00eda N\u00ba 4 de S\u00e1enz Pe\u00f1a.<\/strong><\/p>\n\n\n\n<p class=\"wp-block-paragraph\">En tanto, desde la Unidad de Protecci\u00f3n Integral (UPI)<strong>&nbsp;se dispuso que el ni\u00f1o permanezca en su domicilio, bajo la guarda provisoria de su abuelo.<\/strong><\/p>\n\n\n\n<p class=\"wp-block-paragraph\">La investigaci\u00f3n contin\u00faa bajo intervenci\u00f3n de la Justicia para determinar las circunstancias del hecho y garantizar la protecci\u00f3n del menor.<\/p>\n\n\n\n<p class=\"wp-block-paragraph\">(Data Chaco).<\/p>\n","protected":false},"excerpt":{"rendered":"<p>Un grave caso de presunto abuso sexual infantil fue denunciado en las \u00faltimas horas en Avia Terai, luego de que una docente advirtiera que uno&#8230;<\/p>\n","protected":false},"author":1,"featured_media":37109,"comment_status":"closed","ping_status":"closed","sticky":false,"template":"","format":"standard","meta":{"_jetpack_newsletter_access":"","_jetpack_dont_email_post_to_subs":false,"_jetpack_newsletter_tier_id":0,"_jetpack_memberships_contains_paywalled_content":false,"_jetpack_feature_clip_id":0,"_jetpack_memberships_contains_paid_content":false,"footnotes":"","jetpack_post_was_ever_published":false},"categories":[3],"tags":[],"class_list":["post-37108","post","type-post","status-publish","format-standard","has-post-thumbnail","hentry","category-chaco","entry","double"],"jetpack_sharing_enabled":true,"jetpack_featured_media_url":"https:\/\/diarioahora.com.ar\/wp-content\/uploads\/2026\/08\/r2-73.webp","_links":{"self":[{"href":"https:\/\/diarioahora.com.ar\/index.php\/wp-json\/wp\/v2\/posts\/37108","targetHints":{"allow":["GET"]}}],"collection":[{"href":"https:\/\/diarioahora.com.ar\/index.php\/wp-json\/wp\/v2\/posts"}],"about":[{"href":"https:\/\/diarioahora.com.ar\/index.php\/wp-json\/wp\/v2\/types\/post"}],"author":[{"embeddable":true,"href":"https:\/\/diarioahora.com.ar\/index.php\/wp-json\/wp\/v2\/users\/1"}],"replies":[{"embeddable":true,"href":"https:\/\/diarioahora.com.ar\/index.php\/wp-json\/wp\/v2\/comments?post=37108"}],"version-history":[{"count":1,"href":"https:\/\/diarioahora.com.ar\/index.php\/wp-json\/wp\/v2\/posts\/37108\/revisions"}],"predecessor-version":[{"id":37110,"href":"https:\/\/diarioahora.com.ar\/index.php\/wp-json\/wp\/v2\/posts\/37108\/revisions\/37110"}],"wp:featuredmedia":[{"embeddable":true,"href":"https:\/\/diarioahora.com.ar\/index.php\/wp-json\/wp\/v2\/media\/37109"}],"wp:attachment":[{"href":"https:\/\/diarioahora.com.ar\/index.php\/wp-json\/wp\/v2\/media?parent=37108"}],"wp:term":[{"taxonomy":"category","embeddable":true,"href":"https:\/\/diarioahora.com.ar\/index.php\/wp-json\/wp\/v2\/categories?post=37108"},{"taxonomy":"post_tag","embeddable":true,"href":"https:\/\/diarioahora.com.ar\/index.php\/wp-json\/wp\/v2\/tags?post=37108"}],"curies":[{"name":"wp","href":"https:\/\/api.w.org\/{rel}","templated":true}]}}