{"id":37101,"date":"2026-08-30T16:35:28","date_gmt":"2026-08-30T16:35:28","guid":{"rendered":"https:\/\/diarioahora.com.ar\/?p=37101"},"modified":"2026-08-30T16:35:29","modified_gmt":"2026-08-30T16:35:29","slug":"en-el-aniversario-de-santa-rosa-el-gobernador-inauguro-un-hospital-y-un-cuartel-de-bomberos","status":"publish","type":"post","link":"https:\/\/diarioahora.com.ar\/index.php\/2026\/08\/30\/en-el-aniversario-de-santa-rosa-el-gobernador-inauguro-un-hospital-y-un-cuartel-de-bomberos\/","title":{"rendered":"En el aniversario de Santa Rosa, el gobernador inaugur\u00f3 un hospital y un cuartel de bomberos"},"content":{"rendered":"\n<p class=\"wp-block-paragraph\">El gobernador Juan Pablo Vald\u00e9s encabez\u00f3 este s\u00e1bado los actos centrales por el 115\u00b0 aniversario de Santa Rosa, con la inauguraci\u00f3n de obras de salud y prevenci\u00f3n de incendios, la entrega de una ambulancia 0 kil\u00f3metro y un desfile c\u00edvico-militar.<\/p>\n\n\n\n<p class=\"wp-block-paragraph\">Vald\u00e9s inaugur\u00f3 primero el nuevo Cuartel de Bomberos Forestales, en el Parque Industrial. Es la tercera sede de la BRIF y cuenta con personal capacitado, autobombas de \u00faltima generaci\u00f3n y camionetas 4&#215;4.<\/p>\n\n\n\n<p class=\"wp-block-paragraph\">El gobernador record\u00f3 los incendios de 2022, que afectaron a casi un mill\u00f3n de hect\u00e1reas de la provincia, y sostuvo que esa experiencia impuls\u00f3 las nuevas inversiones. &#8220;Los correntinos nos hacemos cargo de nuestros problemas, los enfrentamos y los resolvemos&#8221;, afirm\u00f3.<\/p>\n\n\n\n<figure class=\"wp-block-image size-large\"><img fetchpriority=\"high\" decoding=\"async\" width=\"1024\" height=\"683\" src=\"https:\/\/diarioahora.com.ar\/wp-content\/uploads\/2026\/08\/r3-1024x683.webp\" alt=\"\" class=\"wp-image-37102\" srcset=\"https:\/\/diarioahora.com.ar\/wp-content\/uploads\/2026\/08\/r3-1024x683.webp 1024w, https:\/\/diarioahora.com.ar\/wp-content\/uploads\/2026\/08\/r3-300x200.webp 300w, https:\/\/diarioahora.com.ar\/wp-content\/uploads\/2026\/08\/r3-768x512.webp 768w, https:\/\/diarioahora.com.ar\/wp-content\/uploads\/2026\/08\/r3.webp 1080w\" sizes=\"(max-width: 1024px) 100vw, 1024px\" \/><\/figure>\n\n\n\n<p class=\"wp-block-paragraph\">Vald\u00e9s anunci\u00f3 adem\u00e1s la continuidad de las obras del cuarto cuartel, en Virasoro, y adelant\u00f3 el llamado a licitaci\u00f3n para un quinto en Santo Tom\u00e9.<\/p>\n\n\n\n<p class=\"wp-block-paragraph\">El ministro de Seguridad, Ad\u00e1n Gaya, destac\u00f3 la ubicaci\u00f3n estrat\u00e9gica del edificio \u2014con capacidad operativa en un radio de 200 kil\u00f3metros\u2014 y precis\u00f3 que contar\u00e1 con 50 efectivos para tareas de prevenci\u00f3n y combate. El intendente Jos\u00e9 Ignacio agradeci\u00f3 la obra y remarc\u00f3 su orgullo como bombero y vecino de la comunidad.<\/p>\n\n\n\n<p class=\"wp-block-paragraph\">Luego, Vald\u00e9s inaugur\u00f3 el Hospital &#8220;Dra. Mar\u00eda del Carmen Casellas&#8221;, que incorpora consultorios, laboratorio, farmacia, guardia e internaci\u00f3n. El gobernador se\u00f1al\u00f3 que la obra hab\u00eda sido proyectada en la gesti\u00f3n anterior y la calific\u00f3 como &#8220;fundamental para el desarrollo de los santarrose\u00f1os, para todo el desarrollo de Concepci\u00f3n, de la gente que pueda venir a Santa Rosa a atenderse&#8221;.<\/p>\n\n\n\n<p class=\"wp-block-paragraph\">En este contexto, el gobernador adelant\u00f3 que van a seguir las inversiones en Salud para toda la provincia.<\/p>\n\n\n\n<p class=\"wp-block-paragraph\">El ministro de Salud P\u00fablica, Emilio Lanari, adelant\u00f3 que la Provincia seguir\u00e1 ejecutando obras sanitarias en otras localidades: &#8220;Las obras no culminan ac\u00e1, estamos trabajando en Yofre, en Pagos de los Deseos, siguiendo las instrucciones del gobernador, que es de cercan\u00eda y acompa\u00f1amiento a la comunidad&#8221;.<\/p>\n\n\n\n<p class=\"wp-block-paragraph\">El director del hospital, Ariel Ortiz, defini\u00f3 como &#8220;un d\u00eda hist\u00f3rico&#8221; para la comunidad: &#8220;Con el esfuerzo compartido vamos a estar a la altura del crecimiento de Santa Rosa&#8221;.<\/p>\n\n\n\n<p class=\"wp-block-paragraph\"><strong>Un polo industrial que marca el rumbo&nbsp;<\/strong><\/p>\n\n\n\n<p class=\"wp-block-paragraph\">Durante el acto aniversario, Vald\u00e9s destac\u00f3 que Santa Rosa alberga el primer parque foresto-industrial del pa\u00eds: &#8220;En el parque no hay un metro cuadrado m\u00e1s libre, porque est\u00e1 lleno de industrias y de trabajo correntino&#8221;.<\/p>\n\n\n\n<p class=\"wp-block-paragraph\">Sostuvo que el objetivo es industrializar la materia prima local para generar valor agregado y empleo en el territorio: &#8220;Lo que buscamos es que esa materia prima que tanto valor tiene se industrialice y genere valor agregado ac\u00e1, en nuestra tierra, para nuestros correntinos&#8221;. Y cerr\u00f3: &#8220;El Gobierno de la Provincia va a estar siempre cerca de ustedes para seguir creciendo&#8221;.<\/p>\n","protected":false},"excerpt":{"rendered":"<p>El gobernador Juan Pablo Vald\u00e9s encabez\u00f3 este s\u00e1bado los actos centrales por el 115\u00b0 aniversario de Santa Rosa, con la inauguraci\u00f3n de obras de salud&#8230;<\/p>\n","protected":false},"author":1,"featured_media":37103,"comment_status":"closed","ping_status":"closed","sticky":false,"template":"","format":"standard","meta":{"_jetpack_newsletter_access":"","_jetpack_dont_email_post_to_subs":false,"_jetpack_newsletter_tier_id":0,"_jetpack_memberships_contains_paywalled_content":false,"_jetpack_feature_clip_id":0,"_jetpack_memberships_contains_paid_content":false,"footnotes":"","jetpack_post_was_ever_published":false},"categories":[5],"tags":[],"class_list":["post-37101","post","type-post","status-publish","format-standard","has-post-thumbnail","hentry","category-corrientes","entry","double"],"jetpack_sharing_enabled":true,"jetpack_featured_media_url":"https:\/\/diarioahora.com.ar\/wp-content\/uploads\/2026\/08\/r2-72.webp","_links":{"self":[{"href":"https:\/\/diarioahora.com.ar\/index.php\/wp-json\/wp\/v2\/posts\/37101","targetHints":{"allow":["GET"]}}],"collection":[{"href":"https:\/\/diarioahora.com.ar\/index.php\/wp-json\/wp\/v2\/posts"}],"about":[{"href":"https:\/\/diarioahora.com.ar\/index.php\/wp-json\/wp\/v2\/types\/post"}],"author":[{"embeddable":true,"href":"https:\/\/diarioahora.com.ar\/index.php\/wp-json\/wp\/v2\/users\/1"}],"replies":[{"embeddable":true,"href":"https:\/\/diarioahora.com.ar\/index.php\/wp-json\/wp\/v2\/comments?post=37101"}],"version-history":[{"count":1,"href":"https:\/\/diarioahora.com.ar\/index.php\/wp-json\/wp\/v2\/posts\/37101\/revisions"}],"predecessor-version":[{"id":37104,"href":"https:\/\/diarioahora.com.ar\/index.php\/wp-json\/wp\/v2\/posts\/37101\/revisions\/37104"}],"wp:featuredmedia":[{"embeddable":true,"href":"https:\/\/diarioahora.com.ar\/index.php\/wp-json\/wp\/v2\/media\/37103"}],"wp:attachment":[{"href":"https:\/\/diarioahora.com.ar\/index.php\/wp-json\/wp\/v2\/media?parent=37101"}],"wp:term":[{"taxonomy":"category","embeddable":true,"href":"https:\/\/diarioahora.com.ar\/index.php\/wp-json\/wp\/v2\/categories?post=37101"},{"taxonomy":"post_tag","embeddable":true,"href":"https:\/\/diarioahora.com.ar\/index.php\/wp-json\/wp\/v2\/tags?post=37101"}],"curies":[{"name":"wp","href":"https:\/\/api.w.org\/{rel}","templated":true}]}}