{"id":37095,"date":"2026-08-30T16:30:38","date_gmt":"2026-08-30T16:30:38","guid":{"rendered":"https:\/\/diarioahora.com.ar\/?p=37095"},"modified":"2026-08-30T16:30:40","modified_gmt":"2026-08-30T16:30:40","slug":"joyeros-argentinos-invitan-a-la-exposicion-en-el-palacio-libertad","status":"publish","type":"post","link":"https:\/\/diarioahora.com.ar\/index.php\/2026\/08\/30\/joyeros-argentinos-invitan-a-la-exposicion-en-el-palacio-libertad\/","title":{"rendered":"Joyeros Argentinos invitan a la Exposici\u00f3n en el Palacio Libertad"},"content":{"rendered":"\n<p class=\"wp-block-paragraph\">Se encuentra abierta la exposici\u00f3n y venta de Joyer\u00eda Contempor\u00e1nea \u201cJoyeros Argentinos\u201d en las salas del Mercado de Artesan\u00edas del Palacio Libertad ubicado en\u00a0Sarmiento 151\u00a0de la Ciudad de Buenos Aires.<\/p>\n\n\n\n<p class=\"wp-block-paragraph\">Se trata de la primera exposici\u00f3n de esas caracter\u00edsticas y dimensiones en nuestro pa\u00eds; un espacio dedicado exclusivamente a la joyer\u00eda contempor\u00e1nea, en la que no s\u00f3lo se podr\u00e1 descubrir la gran diversidad de materiales, t\u00e9cnicas y est\u00e9ticas de cuarenta y dos artistas nacionales, sino tambi\u00e9n se podr\u00e1n adquirir las piezas y productos en exhibici\u00f3n.<\/p>\n\n\n\n<p class=\"wp-block-paragraph\">La exposici\u00f3n se podr\u00e1 visitar a partir de este fin de semana y hasta el 13 de diciembre, de mi\u00e9rcoles a domingo de 14 a 20 horas.<\/p>\n\n\n\n<p class=\"wp-block-paragraph\">Entre los artistas argentinos que conforman la presentaci\u00f3n podemos citar a Adriana Gomez, Ana Lavarello, Ariel Scornik, Barbara Paz, Brenda Reggo, Cecilia Fergero, Cecilia Mattera, Cecilia Mero\u00f1o, Cecilia Mortola, Clara Cisterna, Clara Zuleta, Daria Goleva, Diana Lebensohn, Fabiana Gadano, Fabiana Vodanovich, Gabi Nirino, Gabriela Varela, Graciela Di M\u00f3naco, Hebe Argentieri, Iona Nieva, Laura Giusti, Laura Leyt, Leda Daverio, Lena Echelle, Luna Ventura, Luz Arias, Mabel Pena, Maria Teresa Chavetta, Marita Sario, Nadia Curi Antun, Nuria Calafel, Patricia Baez, Patricia Gallucci, Patricia Mogni, Paula Isola, Poly Iglesias, Roxana Casale, Susana Ortiz, Sol Flores, Vanesa Perez Cepeda, Vicky Biagiola, Yura Bylkov.<\/p>\n\n\n\n<p class=\"wp-block-paragraph\">Las artistas seleccionadas conforman una exhibici\u00f3n que recorre la pasi\u00f3n por el arte de la joyer\u00eda y la interpretaci\u00f3n expresada en cada una de sus obras; cuya virtud radica en el talento y la posibilidad de dar visibilidad a cada pieza que forma parte de la exposici\u00f3n de caracter\u00edsticas in\u00e9ditas en la sala del Palacio Libertad, como en el proceso desde la idea a la efectividad que se lleva adelante.<\/p>\n\n\n\n<p class=\"wp-block-paragraph\">Hay que recordar, que como en cada convocatoria para asistir al Palacio Libertad, se requiere solicitar el acceso previamente, mediante un correo electr\u00f3nico, para poder apreciar las obras, procedimiento que es de car\u00e1cter libre y gratuito, aunque con inscripci\u00f3n previa.<\/p>\n\n\n\n<p class=\"wp-block-paragraph\">Una oportunidad para visitar el Palacio Libertad, y conocer los nuevos valores del arte nacional.<\/p>\n\n\n\n<figure class=\"wp-block-image size-full\"><img fetchpriority=\"high\" decoding=\"async\" width=\"286\" height=\"245\" src=\"http:\/\/diarioahora.com.ar\/wp-content\/uploads\/2026\/07\/patt-x-1.png\" alt=\"\" class=\"wp-image-35777\"\/><\/figure>\n\n\n\n<figure class=\"wp-block-image size-full\"><img decoding=\"async\" width=\"901\" height=\"264\" src=\"http:\/\/diarioahora.com.ar\/wp-content\/uploads\/2023\/02\/patt2.jpg\" alt=\"\" class=\"wp-image-610\" srcset=\"https:\/\/diarioahora.com.ar\/wp-content\/uploads\/2023\/02\/patt2.jpg 901w, https:\/\/diarioahora.com.ar\/wp-content\/uploads\/2023\/02\/patt2-300x88.jpg 300w, https:\/\/diarioahora.com.ar\/wp-content\/uploads\/2023\/02\/patt2-768x225.jpg 768w\" sizes=\"(max-width: 901px) 100vw, 901px\" \/><\/figure>\n","protected":false},"excerpt":{"rendered":"<p>Se encuentra abierta la exposici\u00f3n y venta de Joyer\u00eda Contempor\u00e1nea \u201cJoyeros Argentinos\u201d en las salas del Mercado de Artesan\u00edas del Palacio Libertad ubicado en\u00a0Sarmiento 151\u00a0de&#8230;<\/p>\n","protected":false},"author":1,"featured_media":37096,"comment_status":"closed","ping_status":"closed","sticky":false,"template":"","format":"standard","meta":{"_jetpack_newsletter_access":"","_jetpack_dont_email_post_to_subs":false,"_jetpack_newsletter_tier_id":0,"_jetpack_memberships_contains_paywalled_content":false,"_jetpack_feature_clip_id":0,"_jetpack_memberships_contains_paid_content":false,"footnotes":"","jetpack_post_was_ever_published":false},"categories":[10],"tags":[],"class_list":["post-37095","post","type-post","status-publish","format-standard","has-post-thumbnail","hentry","category-sociedad","entry","double"],"jetpack_sharing_enabled":true,"jetpack_featured_media_url":"https:\/\/diarioahora.com.ar\/wp-content\/uploads\/2026\/08\/5661400-jewellery-2412842_1920.jpg","_links":{"self":[{"href":"https:\/\/diarioahora.com.ar\/index.php\/wp-json\/wp\/v2\/posts\/37095","targetHints":{"allow":["GET"]}}],"collection":[{"href":"https:\/\/diarioahora.com.ar\/index.php\/wp-json\/wp\/v2\/posts"}],"about":[{"href":"https:\/\/diarioahora.com.ar\/index.php\/wp-json\/wp\/v2\/types\/post"}],"author":[{"embeddable":true,"href":"https:\/\/diarioahora.com.ar\/index.php\/wp-json\/wp\/v2\/users\/1"}],"replies":[{"embeddable":true,"href":"https:\/\/diarioahora.com.ar\/index.php\/wp-json\/wp\/v2\/comments?post=37095"}],"version-history":[{"count":1,"href":"https:\/\/diarioahora.com.ar\/index.php\/wp-json\/wp\/v2\/posts\/37095\/revisions"}],"predecessor-version":[{"id":37097,"href":"https:\/\/diarioahora.com.ar\/index.php\/wp-json\/wp\/v2\/posts\/37095\/revisions\/37097"}],"wp:featuredmedia":[{"embeddable":true,"href":"https:\/\/diarioahora.com.ar\/index.php\/wp-json\/wp\/v2\/media\/37096"}],"wp:attachment":[{"href":"https:\/\/diarioahora.com.ar\/index.php\/wp-json\/wp\/v2\/media?parent=37095"}],"wp:term":[{"taxonomy":"category","embeddable":true,"href":"https:\/\/diarioahora.com.ar\/index.php\/wp-json\/wp\/v2\/categories?post=37095"},{"taxonomy":"post_tag","embeddable":true,"href":"https:\/\/diarioahora.com.ar\/index.php\/wp-json\/wp\/v2\/tags?post=37095"}],"curies":[{"name":"wp","href":"https:\/\/api.w.org\/{rel}","templated":true}]}}