{"id":36914,"date":"2026-08-23T23:10:47","date_gmt":"2026-08-23T23:10:47","guid":{"rendered":"https:\/\/diarioahora.com.ar\/?p=36914"},"modified":"2026-08-23T23:10:48","modified_gmt":"2026-08-23T23:10:48","slug":"una-mujer-murio-durante-un-incendio-y-demoraron-a-su-pareja-mientras-investigan-las-circunstancias-del-hecho","status":"publish","type":"post","link":"https:\/\/diarioahora.com.ar\/index.php\/2026\/08\/23\/una-mujer-murio-durante-un-incendio-y-demoraron-a-su-pareja-mientras-investigan-las-circunstancias-del-hecho\/","title":{"rendered":"Una mujer muri\u00f3 durante un incendio y demoraron a su pareja mientras investigan las circunstancias del hecho"},"content":{"rendered":"\n<p class=\"wp-block-paragraph\">Una mujer de 42 a\u00f1os, identificada como Ramona Noem\u00ed Reyman, muri\u00f3 el viernes durante un incendio registrado en una vivienda del barrio Timbocito de Jard\u00edn Am\u00e9rica. Tras el examen preliminar del cuerpo, la Justicia orden\u00f3 la realizaci\u00f3n de una autopsia y la Polic\u00eda demor\u00f3 a la pareja de la v\u00edctima, un hombre de 44 a\u00f1os, mientras se investigan las circunstancias de la muerte y el origen del fuego.<\/p>\n\n\n\n<p class=\"wp-block-paragraph\">El incendio se registr\u00f3 cerca de las 22:30 en una vivienda ubicada sobre calle Managua, donde trabajaron dotaciones de Bomberos de la Polic\u00eda y Bomberos Voluntarios para extinguir las llamas y verificar la posible existencia de otras v\u00edctimas. En el lugar fue hallado el cuerpo de una mujer que posteriormente fue reconocida por familiares como Ramona Noem\u00ed Reyman.<\/p>\n\n\n\n<p class=\"wp-block-paragraph\">Durante las primeras actuaciones, la m\u00e9dica policial examin\u00f3 el cuerpo y constat\u00f3 la presencia de un surco no carbonizado en la zona del cuello. Ante este indicio, solicit\u00f3 la realizaci\u00f3n de una autopsia para establecer fehacientemente la causa de muerte. El Juzgado interviniente aval\u00f3 la medida y dispuso la continuidad de las pericias sobre el cuerpo y la vivienda.<\/p>\n\n\n\n<p class=\"wp-block-paragraph\">En paralelo, efectivos de la Brigada de Investigaciones de la Unidad Regional IX avanzaron con las averiguaciones y, durante la madrugada, demoraron a un hombre de 44 a\u00f1os, pareja de la v\u00edctima.<\/p>\n\n\n\n<p class=\"wp-block-paragraph\">Por disposici\u00f3n judicial, el hombre permanece demorado en averiguaci\u00f3n del hecho, mientras los investigadores aguardan los resultados de la autopsia y de las pericias realizadas en el inmueble para determinar c\u00f3mo se produjo la muerte y establecer las causas que originaron el incendio.<\/p>\n\n\n\n<p class=\"wp-block-paragraph\">(Misiones Cuatro).<\/p>\n","protected":false},"excerpt":{"rendered":"<p>Una mujer de 42 a\u00f1os, identificada como Ramona Noem\u00ed Reyman, muri\u00f3 el viernes durante un incendio registrado en una vivienda del barrio Timbocito de Jard\u00edn&#8230;<\/p>\n","protected":false},"author":1,"featured_media":36915,"comment_status":"closed","ping_status":"closed","sticky":false,"template":"","format":"standard","meta":{"_jetpack_newsletter_access":"","_jetpack_dont_email_post_to_subs":false,"_jetpack_newsletter_tier_id":0,"_jetpack_memberships_contains_paywalled_content":false,"_jetpack_feature_clip_id":0,"_jetpack_memberships_contains_paid_content":false,"footnotes":"","jetpack_post_was_ever_published":false},"categories":[6],"tags":[],"class_list":["post-36914","post","type-post","status-publish","format-standard","has-post-thumbnail","hentry","category-misiones","entry","double"],"jetpack_sharing_enabled":true,"jetpack_featured_media_url":"https:\/\/diarioahora.com.ar\/wp-content\/uploads\/2026\/08\/r2-37.jpg","_links":{"self":[{"href":"https:\/\/diarioahora.com.ar\/index.php\/wp-json\/wp\/v2\/posts\/36914","targetHints":{"allow":["GET"]}}],"collection":[{"href":"https:\/\/diarioahora.com.ar\/index.php\/wp-json\/wp\/v2\/posts"}],"about":[{"href":"https:\/\/diarioahora.com.ar\/index.php\/wp-json\/wp\/v2\/types\/post"}],"author":[{"embeddable":true,"href":"https:\/\/diarioahora.com.ar\/index.php\/wp-json\/wp\/v2\/users\/1"}],"replies":[{"embeddable":true,"href":"https:\/\/diarioahora.com.ar\/index.php\/wp-json\/wp\/v2\/comments?post=36914"}],"version-history":[{"count":1,"href":"https:\/\/diarioahora.com.ar\/index.php\/wp-json\/wp\/v2\/posts\/36914\/revisions"}],"predecessor-version":[{"id":36916,"href":"https:\/\/diarioahora.com.ar\/index.php\/wp-json\/wp\/v2\/posts\/36914\/revisions\/36916"}],"wp:featuredmedia":[{"embeddable":true,"href":"https:\/\/diarioahora.com.ar\/index.php\/wp-json\/wp\/v2\/media\/36915"}],"wp:attachment":[{"href":"https:\/\/diarioahora.com.ar\/index.php\/wp-json\/wp\/v2\/media?parent=36914"}],"wp:term":[{"taxonomy":"category","embeddable":true,"href":"https:\/\/diarioahora.com.ar\/index.php\/wp-json\/wp\/v2\/categories?post=36914"},{"taxonomy":"post_tag","embeddable":true,"href":"https:\/\/diarioahora.com.ar\/index.php\/wp-json\/wp\/v2\/tags?post=36914"}],"curies":[{"name":"wp","href":"https:\/\/api.w.org\/{rel}","templated":true}]}}