{"id":36907,"date":"2026-08-23T22:55:43","date_gmt":"2026-08-23T22:55:43","guid":{"rendered":"https:\/\/diarioahora.com.ar\/?p=36907"},"modified":"2026-08-23T22:55:44","modified_gmt":"2026-08-23T22:55:44","slug":"llega-la-nueva-edicion-de-buenos-aires-fashion-week-2026-2027","status":"publish","type":"post","link":"https:\/\/diarioahora.com.ar\/index.php\/2026\/08\/23\/llega-la-nueva-edicion-de-buenos-aires-fashion-week-2026-2027\/","title":{"rendered":"Llega la nueva edici\u00f3n de Buenos Aires Fashion Week 2026 \/ 2027"},"content":{"rendered":"\n<p class=\"wp-block-paragraph\">La semana de la Moda se presenta con la edici\u00f3n primavera verano 26\/27 a partir del pr\u00f3ximo 24 y hasta el 28 de agosto en lo denominado BAFWEEK, en la Rural de Palermo, Con una propuesta que se renueva con espacios, experiencias inmersivas y la grilla que anuncia a profesionales del dise\u00f1o innovadores y consagrados en el escenario porte\u00f1o.<\/p>\n\n\n\n<p class=\"wp-block-paragraph\">La moda argentina busca, acondicionar su actualidad comercial y empresarial, y vestirse con sus mejores galas para lavar la cara de una realidad con noticias que siguen dando valores en rojo. Durante dos semanas, entre pre opening, personajes nacionales, caras conocidas de front row, la moda intentar\u00e1 crecer y atraer a su p\u00fablico con inversiones de todo tipo, que necesitan repuntar los n\u00fameros.<\/p>\n\n\n\n<p class=\"wp-block-paragraph\">Si bien, el predio ferial de Palermo, ser\u00e1 epicentro de m\u00faltiples actividades a partir de estos d\u00edas y hasta el cierre del a\u00f1o, La Rural, ha sido de los escenarios que mayor cantidad de veces recibi\u00f3 a la organizaci\u00f3n de la Semana de la Moda Argentina. Para la presente edici\u00f3n, informaron que adem\u00e1s de los cl\u00e1sicos desfiles, estar\u00e1 disponible diversas acciones relacionadas con experiencias, presentaciones emergentes, y showrooms comerciales, como originalmente se desarrollaba cada edici\u00f3n.<\/p>\n\n\n\n<p class=\"wp-block-paragraph\">La excentricidad de la programaci\u00f3n, consiste entre otras atracciones, del \u201cPabell\u00f3n 8\u201d, concentrando al p\u00fablico general ante las gradas de una pasarela fija y permanente.<\/p>\n\n\n\n<p class=\"wp-block-paragraph\">Sobre los nombres que rondan entre los presentes, destacamos a Emilia Velasco, que desde la plataforma y redes sociales de la organizaci\u00f3n, suma su trayectoria y experiencia, siendo de las primeras voces consagradas junto a talentos como Jesica Pullo, una de las recientes ganadoras de la segunda edici\u00f3n de Revelaciones de Moda, noticia que difundimos desde la columna de Patt meses anteriores.<\/p>\n\n\n\n<p class=\"wp-block-paragraph\">La edici\u00f3n se presenta con una distinci\u00f3n del exterior, respecto a la identidad visual efectuada durante la campa\u00f1a previa, correspondiente a primavera y verano 25\/26 la cual recibi\u00f3 el galard\u00f3n de \u201cCommunication Arts Design Award 2026\u201d.<\/p>\n\n\n\n<figure class=\"wp-block-image size-full\"><img fetchpriority=\"high\" decoding=\"async\" width=\"286\" height=\"245\" src=\"http:\/\/diarioahora.com.ar\/wp-content\/uploads\/2026\/07\/patt-x-1.png\" alt=\"\" class=\"wp-image-35777\"\/><\/figure>\n\n\n\n<figure class=\"wp-block-image size-full\"><img decoding=\"async\" width=\"901\" height=\"264\" src=\"http:\/\/diarioahora.com.ar\/wp-content\/uploads\/2023\/02\/patt2.jpg\" alt=\"\" class=\"wp-image-610\" srcset=\"https:\/\/diarioahora.com.ar\/wp-content\/uploads\/2023\/02\/patt2.jpg 901w, https:\/\/diarioahora.com.ar\/wp-content\/uploads\/2023\/02\/patt2-300x88.jpg 300w, https:\/\/diarioahora.com.ar\/wp-content\/uploads\/2023\/02\/patt2-768x225.jpg 768w\" sizes=\"(max-width: 901px) 100vw, 901px\" \/><\/figure>\n","protected":false},"excerpt":{"rendered":"<p>La semana de la Moda se presenta con la edici\u00f3n primavera verano 26\/27 a partir del pr\u00f3ximo 24 y hasta el 28 de agosto en&#8230;<\/p>\n","protected":false},"author":1,"featured_media":36908,"comment_status":"closed","ping_status":"closed","sticky":false,"template":"","format":"standard","meta":{"_jetpack_newsletter_access":"","_jetpack_dont_email_post_to_subs":false,"_jetpack_newsletter_tier_id":0,"_jetpack_memberships_contains_paywalled_content":false,"_jetpack_feature_clip_id":0,"_jetpack_memberships_contains_paid_content":false,"footnotes":"","jetpack_post_was_ever_published":false},"categories":[10],"tags":[],"class_list":["post-36907","post","type-post","status-publish","format-standard","has-post-thumbnail","hentry","category-sociedad","entry","double"],"jetpack_sharing_enabled":true,"jetpack_featured_media_url":"https:\/\/diarioahora.com.ar\/wp-content\/uploads\/2026\/08\/pexels-hangers-1850082_1920-1.jpg","_links":{"self":[{"href":"https:\/\/diarioahora.com.ar\/index.php\/wp-json\/wp\/v2\/posts\/36907","targetHints":{"allow":["GET"]}}],"collection":[{"href":"https:\/\/diarioahora.com.ar\/index.php\/wp-json\/wp\/v2\/posts"}],"about":[{"href":"https:\/\/diarioahora.com.ar\/index.php\/wp-json\/wp\/v2\/types\/post"}],"author":[{"embeddable":true,"href":"https:\/\/diarioahora.com.ar\/index.php\/wp-json\/wp\/v2\/users\/1"}],"replies":[{"embeddable":true,"href":"https:\/\/diarioahora.com.ar\/index.php\/wp-json\/wp\/v2\/comments?post=36907"}],"version-history":[{"count":1,"href":"https:\/\/diarioahora.com.ar\/index.php\/wp-json\/wp\/v2\/posts\/36907\/revisions"}],"predecessor-version":[{"id":36909,"href":"https:\/\/diarioahora.com.ar\/index.php\/wp-json\/wp\/v2\/posts\/36907\/revisions\/36909"}],"wp:featuredmedia":[{"embeddable":true,"href":"https:\/\/diarioahora.com.ar\/index.php\/wp-json\/wp\/v2\/media\/36908"}],"wp:attachment":[{"href":"https:\/\/diarioahora.com.ar\/index.php\/wp-json\/wp\/v2\/media?parent=36907"}],"wp:term":[{"taxonomy":"category","embeddable":true,"href":"https:\/\/diarioahora.com.ar\/index.php\/wp-json\/wp\/v2\/categories?post=36907"},{"taxonomy":"post_tag","embeddable":true,"href":"https:\/\/diarioahora.com.ar\/index.php\/wp-json\/wp\/v2\/tags?post=36907"}],"curies":[{"name":"wp","href":"https:\/\/api.w.org\/{rel}","templated":true}]}}