{"id":36865,"date":"2026-08-21T22:36:23","date_gmt":"2026-08-21T22:36:23","guid":{"rendered":"https:\/\/diarioahora.com.ar\/?p=36865"},"modified":"2026-08-21T22:36:25","modified_gmt":"2026-08-21T22:36:25","slug":"hallaron-a-una-joven-de-22-anos-sin-vida-en-el-patio-de-su-casa-de-la-localidad-de-charata","status":"publish","type":"post","link":"https:\/\/diarioahora.com.ar\/index.php\/2026\/08\/21\/hallaron-a-una-joven-de-22-anos-sin-vida-en-el-patio-de-su-casa-de-la-localidad-de-charata\/","title":{"rendered":"Hallaron a una joven de 22 a\u00f1os sin vida, en el patio de su casa de la localidad de Charata"},"content":{"rendered":"\n<h3 class=\"wp-block-heading\"><strong>Una joven de 22 a\u00f1os fue hallada sin vida este viernes al mediod\u00eda en un domicilio del barrio Quinta Mar\u00edn de Charata. El hecho fue informado a la Polic\u00eda, tras un llamado al servicio de emergencias 911.<\/strong>&nbsp;<\/h3>\n\n\n\n<p class=\"wp-block-paragraph\">Seg\u00fan expresa el informe, personal de la Comisar\u00eda Primera acudi\u00f3 a una vivienda donde familiares informaron que&nbsp;<strong>hallaron a la joven de 22 a\u00f1os sin vida, en el patio del inmueble.<\/strong><\/p>\n\n\n\n<p class=\"wp-block-paragraph\">Ante la situaci\u00f3n, se dio intervenci\u00f3n a la Fiscal\u00eda de Investigaci\u00f3n Penal N\u00b0 3 de Charata, a cargo de Mar\u00eda Gabriela Rafar Ant\u00f3n.&nbsp;<strong>La fiscal dispuso el resguardo del lugar y el traslado de personal del Gabinete Cient\u00edfico del Poder Judicial para realizar las pericias correspondientes.<\/strong><\/p>\n\n\n\n<p class=\"wp-block-paragraph\">La investigaci\u00f3n contin\u00faa para determinar las circunstancias del hecho.<strong>&nbsp;Las primeras informaciones indican que se tratar\u00eda de presunto suicidio.<\/strong><\/p>\n\n\n\n<p class=\"wp-block-paragraph\">Las autoridades aguardan el resultado de las actuaciones periciales para avanzar con las diligencias judiciales correspondientes.<\/p>\n\n\n\n<p class=\"wp-block-paragraph\">(Data Chaco).<\/p>\n","protected":false},"excerpt":{"rendered":"<p>Una joven de 22 a\u00f1os fue hallada sin vida este viernes al mediod\u00eda en un domicilio del barrio Quinta Mar\u00edn de Charata. El hecho fue&#8230;<\/p>\n","protected":false},"author":1,"featured_media":36866,"comment_status":"closed","ping_status":"closed","sticky":false,"template":"","format":"standard","meta":{"_jetpack_newsletter_access":"","_jetpack_dont_email_post_to_subs":false,"_jetpack_newsletter_tier_id":0,"_jetpack_memberships_contains_paywalled_content":false,"_jetpack_feature_clip_id":0,"_jetpack_memberships_contains_paid_content":false,"footnotes":"","jetpack_post_was_ever_published":false},"categories":[3],"tags":[],"class_list":["post-36865","post","type-post","status-publish","format-standard","has-post-thumbnail","hentry","category-chaco","entry","double"],"jetpack_sharing_enabled":true,"jetpack_featured_media_url":"https:\/\/diarioahora.com.ar\/wp-content\/uploads\/2026\/08\/r2-49.webp","_links":{"self":[{"href":"https:\/\/diarioahora.com.ar\/index.php\/wp-json\/wp\/v2\/posts\/36865","targetHints":{"allow":["GET"]}}],"collection":[{"href":"https:\/\/diarioahora.com.ar\/index.php\/wp-json\/wp\/v2\/posts"}],"about":[{"href":"https:\/\/diarioahora.com.ar\/index.php\/wp-json\/wp\/v2\/types\/post"}],"author":[{"embeddable":true,"href":"https:\/\/diarioahora.com.ar\/index.php\/wp-json\/wp\/v2\/users\/1"}],"replies":[{"embeddable":true,"href":"https:\/\/diarioahora.com.ar\/index.php\/wp-json\/wp\/v2\/comments?post=36865"}],"version-history":[{"count":1,"href":"https:\/\/diarioahora.com.ar\/index.php\/wp-json\/wp\/v2\/posts\/36865\/revisions"}],"predecessor-version":[{"id":36867,"href":"https:\/\/diarioahora.com.ar\/index.php\/wp-json\/wp\/v2\/posts\/36865\/revisions\/36867"}],"wp:featuredmedia":[{"embeddable":true,"href":"https:\/\/diarioahora.com.ar\/index.php\/wp-json\/wp\/v2\/media\/36866"}],"wp:attachment":[{"href":"https:\/\/diarioahora.com.ar\/index.php\/wp-json\/wp\/v2\/media?parent=36865"}],"wp:term":[{"taxonomy":"category","embeddable":true,"href":"https:\/\/diarioahora.com.ar\/index.php\/wp-json\/wp\/v2\/categories?post=36865"},{"taxonomy":"post_tag","embeddable":true,"href":"https:\/\/diarioahora.com.ar\/index.php\/wp-json\/wp\/v2\/tags?post=36865"}],"curies":[{"name":"wp","href":"https:\/\/api.w.org\/{rel}","templated":true}]}}