{"id":36538,"date":"2026-08-10T11:35:51","date_gmt":"2026-08-10T11:35:51","guid":{"rendered":"https:\/\/diarioahora.com.ar\/?p=36538"},"modified":"2026-08-10T11:35:52","modified_gmt":"2026-08-10T11:35:52","slug":"en-visperas-de-las-presentaciones-para-las-proximas-temporadas-el-diseno-y-la-moda-se-detienen-en-argentina","status":"publish","type":"post","link":"https:\/\/diarioahora.com.ar\/index.php\/2026\/08\/10\/en-visperas-de-las-presentaciones-para-las-proximas-temporadas-el-diseno-y-la-moda-se-detienen-en-argentina\/","title":{"rendered":"En v\u00edsperas de las presentaciones para las pr\u00f3ximas temporadas, el dise\u00f1o y la moda se detienen en Argentina"},"content":{"rendered":"\n<p class=\"wp-block-paragraph\">Los vientos de la primavera y el verano comienzan a descubrir t\u00edtulos de organizaciones arcaicas que buscan aggiornarse con la utilizaci\u00f3n de aplicaciones llamativas, y ofreciendo una grilla que reitera nombres y formatos de d\u00e9cadas atr\u00e1s; incluso con denominaciones y asociaciones de t\u00e9rminos que desaparecen al correr de los d\u00edas.<\/p>\n\n\n\n<p class=\"wp-block-paragraph\">En paralelo, la moda y el dise\u00f1o, profundizan su crisis nacional, e intentan retomar un est\u00e1ndar de actividad comercial que desde hace a\u00f1os se desintegra.<\/p>\n\n\n\n<p class=\"wp-block-paragraph\">La pregunta es, \u00bfQui\u00e9n muestra la verdad?, y abre la posibilidad de sumar otra consulta, \u00bfLa verdad es la realidad?<\/p>\n\n\n\n<p class=\"wp-block-paragraph\">En todos los a\u00f1os de las semanas de la moda, con palabras como \u201cCostura\u201d, y \u201cAlta\u201d dentro del mismo evento, tiene a nombres que saben perfectamente que dichas consideraciones en nuestro pa\u00eds que son irreales; y siguen promoviendo exhibiciones a costas de inversiones que no reflejan el consumo de los asistentes. La voracidad de un sistema tan antiguo, ahonda la crisis del sector y es ausente de respuestas id\u00f3neas.<\/p>\n\n\n\n<p class=\"wp-block-paragraph\">Por otra parte, una de las avenidas \u00edcono del movimiento textil, como lo fue Avellaneda, hoy se reconvierte en stands feriales minoristas para intentar sobrevivir, ya que los comercios expresan continuamente dificultades para realizar operaciones como hace a\u00f1os; y el fervor del tr\u00e1nsito y las ventas siguen en baja, adem\u00e1s de los o\u00eddos sordos de las entidades que deber\u00edan resolver y no s\u00f3lo brindar cursos gratuitos y posar ante cualquier fotograf\u00eda.<\/p>\n\n\n\n<p class=\"wp-block-paragraph\">Pero la moda y el dise\u00f1o no tienen s\u00f3lo tr\u00e1gicas noticias. Las recientes modificaciones en el consumo por compras en plataformas internacionales, tuvo una fuerte presencia en los \u00faltimos d\u00edas festivos como el D\u00eda del Padre, del Amigo, sin contar los gastos efectuados por los argentinos que acompa\u00f1aron a la selecci\u00f3n en su reciente participaci\u00f3n de la Copa Mundial de F\u00fatbol en Estados Unidos. Las ventas y el ingreso desmesurado de productos no parecen sonrojar a nadie, y ante esos n\u00fameros desde el ente recaudador, ARCA ex AFIP, ampliaron las oportunidades para adquirir todo lo que se quiere, a excepci\u00f3n de medicamentos y elementos personales clasificados por hasta tres mil d\u00f3lares.<\/p>\n\n\n\n<p class=\"wp-block-paragraph\">Si bien, todos los a\u00f1os para esta fecha se espera con expectativas las colecciones, hoy d\u00eda las redes sociales y el ecommerce internacional dominan los deseos y voluntades que se ver\u00e1n en publicaciones de personajes creyendo ser celebridades, donde las prendas tienen etiquetas de corporaciones mundiales liderando el mercado.<\/p>\n\n\n\n<figure class=\"wp-block-image size-full\"><img fetchpriority=\"high\" decoding=\"async\" width=\"286\" height=\"245\" src=\"http:\/\/diarioahora.com.ar\/wp-content\/uploads\/2026\/07\/patt-x-1.png\" alt=\"\" class=\"wp-image-35777\"\/><\/figure>\n\n\n\n<figure class=\"wp-block-image size-full\"><img decoding=\"async\" width=\"901\" height=\"264\" src=\"http:\/\/diarioahora.com.ar\/wp-content\/uploads\/2023\/02\/patt2.jpg\" alt=\"\" class=\"wp-image-610\" srcset=\"https:\/\/diarioahora.com.ar\/wp-content\/uploads\/2023\/02\/patt2.jpg 901w, https:\/\/diarioahora.com.ar\/wp-content\/uploads\/2023\/02\/patt2-300x88.jpg 300w, https:\/\/diarioahora.com.ar\/wp-content\/uploads\/2023\/02\/patt2-768x225.jpg 768w\" sizes=\"(max-width: 901px) 100vw, 901px\" \/><\/figure>\n","protected":false},"excerpt":{"rendered":"<p>Los vientos de la primavera y el verano comienzan a descubrir t\u00edtulos de organizaciones arcaicas que buscan aggiornarse con la utilizaci\u00f3n de aplicaciones llamativas, y&#8230;<\/p>\n","protected":false},"author":1,"featured_media":36539,"comment_status":"closed","ping_status":"closed","sticky":false,"template":"","format":"standard","meta":{"_jetpack_newsletter_access":"","_jetpack_dont_email_post_to_subs":false,"_jetpack_newsletter_tier_id":0,"_jetpack_memberships_contains_paywalled_content":false,"_jetpack_feature_clip_id":0,"_jetpack_memberships_contains_paid_content":false,"footnotes":"","jetpack_post_was_ever_published":false},"categories":[10],"tags":[],"class_list":["post-36538","post","type-post","status-publish","format-standard","has-post-thumbnail","hentry","category-sociedad","entry","double"],"jetpack_sharing_enabled":true,"jetpack_featured_media_url":"https:\/\/diarioahora.com.ar\/wp-content\/uploads\/2026\/08\/photosbychalo-fashion-design-4655897-1.jpg","_links":{"self":[{"href":"https:\/\/diarioahora.com.ar\/index.php\/wp-json\/wp\/v2\/posts\/36538","targetHints":{"allow":["GET"]}}],"collection":[{"href":"https:\/\/diarioahora.com.ar\/index.php\/wp-json\/wp\/v2\/posts"}],"about":[{"href":"https:\/\/diarioahora.com.ar\/index.php\/wp-json\/wp\/v2\/types\/post"}],"author":[{"embeddable":true,"href":"https:\/\/diarioahora.com.ar\/index.php\/wp-json\/wp\/v2\/users\/1"}],"replies":[{"embeddable":true,"href":"https:\/\/diarioahora.com.ar\/index.php\/wp-json\/wp\/v2\/comments?post=36538"}],"version-history":[{"count":1,"href":"https:\/\/diarioahora.com.ar\/index.php\/wp-json\/wp\/v2\/posts\/36538\/revisions"}],"predecessor-version":[{"id":36540,"href":"https:\/\/diarioahora.com.ar\/index.php\/wp-json\/wp\/v2\/posts\/36538\/revisions\/36540"}],"wp:featuredmedia":[{"embeddable":true,"href":"https:\/\/diarioahora.com.ar\/index.php\/wp-json\/wp\/v2\/media\/36539"}],"wp:attachment":[{"href":"https:\/\/diarioahora.com.ar\/index.php\/wp-json\/wp\/v2\/media?parent=36538"}],"wp:term":[{"taxonomy":"category","embeddable":true,"href":"https:\/\/diarioahora.com.ar\/index.php\/wp-json\/wp\/v2\/categories?post=36538"},{"taxonomy":"post_tag","embeddable":true,"href":"https:\/\/diarioahora.com.ar\/index.php\/wp-json\/wp\/v2\/tags?post=36538"}],"curies":[{"name":"wp","href":"https:\/\/api.w.org\/{rel}","templated":true}]}}