{"id":36195,"date":"2026-07-29T02:47:38","date_gmt":"2026-07-29T02:47:38","guid":{"rendered":"https:\/\/diarioahora.com.ar\/?p=36195"},"modified":"2026-07-29T02:47:40","modified_gmt":"2026-07-29T02:47:40","slug":"hallan-un-cuerpo-en-avanzado-estado-de-descomposicion-e-investigan-si-corresponde-a-un-hombre-desaparecido-en-el-lote-4","status":"publish","type":"post","link":"https:\/\/diarioahora.com.ar\/index.php\/2026\/07\/29\/hallan-un-cuerpo-en-avanzado-estado-de-descomposicion-e-investigan-si-corresponde-a-un-hombre-desaparecido-en-el-lote-4\/","title":{"rendered":"Hallan un cuerpo en avanzado estado de descomposici\u00f3n e investigan si corresponde a un hombre desaparecido en el Lote 4"},"content":{"rendered":"\n<p class=\"wp-block-paragraph\"><strong>Un cuerpo sin vida en avanzado estado de descomposici\u00f3n fue hallado este martes por la tarde en el barrio Divino Ni\u00f1o de la ciudad de Formosa<\/strong>, en un sector de monte y una represa ubicado en inmediaciones de las avenidas Avellaneda e Italia. El descubrimiento dio inicio a una investigaci\u00f3n judicial que busca determinar la identidad de la v\u00edctima y las circunstancias de su muerte.<\/p>\n\n\n\n<p class=\"wp-block-paragraph\">El hallazgo se produjo alrededor de las&nbsp;<strong>16:00<\/strong>, cuando dos empleados de una empresa constructora se dirigieron a una represa para extraer agua y observaron un cad\u00e1ver flotando, parcialmente sumergido. De inmediato dieron aviso a la&nbsp;<strong>Comisar\u00eda Seccional Novena<\/strong>, que desplaz\u00f3 al lugar a efectivos de la Delegaci\u00f3n Lote 110\/111.<\/p>\n\n\n\n<p class=\"wp-block-paragraph\"><strong>Los primeros indicios se\u00f1alan que el cuerpo llevaba varios d\u00edas sin vida y presentaba un avanzado estado de descomposici\u00f3n.<\/strong>&nbsp;Debido a esas condiciones, hasta el momento no fue posible confirmar oficialmente la identidad ni el sexo de la persona fallecida, aunque preliminarmente se tratar\u00eda de un hombre.<\/p>\n\n\n\n<p class=\"wp-block-paragraph\">Durante el procedimiento trabaj\u00f3\u00a0<strong>Polic\u00eda Cient\u00edfica<\/strong>, que realiz\u00f3 el relevamiento de la escena, document\u00f3 el lugar y levant\u00f3 rastros de inter\u00e9s para la investigaci\u00f3n. Tras las pericias iniciales,\u00a0<strong>la fiscal de Instrucci\u00f3n N.\u00ba 1, Julieta Alucin<\/strong>, la misma que interviene en el caso\u00a0<strong>Xiomara Portillo<\/strong>, dispuso el traslado del cuerpo a la Morgue Judicial del barrio San Antonio para la autopsia correspondiente, mientras que la causa qued\u00f3 bajo la intervenci\u00f3n del\u00a0<strong>Juzgado de Instrucci\u00f3n y Correccional N.\u00ba 2<\/strong>, a cargo del\u00a0<strong>juez Felipe Ca\u00f1ete<\/strong>.<\/p>\n\n\n\n<p class=\"wp-block-paragraph\">El vocero policial,&nbsp;<strong>comisario Carlos Vera<\/strong>, confirm\u00f3 que&nbsp;<strong>\u201caparentemente se tratar\u00eda de una muerte violenta\u201d<\/strong>, aunque aclar\u00f3 que todav\u00eda no existen conclusiones definitivas debido a que la investigaci\u00f3n se encuentra en una etapa preliminar.<\/p>\n\n\n\n<p class=\"wp-block-paragraph\">Adem\u00e1s, explic\u00f3 que personal especializado de la&nbsp;<strong>Divisi\u00f3n B\u00fasqueda de Personas concurri\u00f3 al lugar junto a un can adiestrado con el objetivo de localizar pertenencias<\/strong>&nbsp;de la v\u00edctima, como un tel\u00e9fono celular, documentaci\u00f3n, mochila u otros elementos que puedan aportar informaci\u00f3n para la causa. Tambi\u00e9n adelant\u00f3 que la Polic\u00eda mantendr\u00e1 una consigna en el lugar y este mi\u00e9rcoles continuar\u00e1 con un intenso rastrillaje en la zona.<\/p>\n\n\n\n<p class=\"wp-block-paragraph\"><strong>El hallazgo gener\u00f3 preocupaci\u00f3n entre los familiares de Leandro Ram\u00f3n Abel Gavil\u00e1n<\/strong>, el hombre de 30 a\u00f1os desaparecido desde el pasado&nbsp;<strong>17 de julio<\/strong>. No obstante,&nbsp;<strong>hasta el momento no existe confirmaci\u00f3n oficial sobre la identidad del cad\u00e1ver<\/strong>, por lo que ser\u00e1 la autopsia y las pericias forenses las que permitan establecer si existe o no relaci\u00f3n con la b\u00fasqueda que contin\u00faa en marcha.<\/p>\n\n\n\n<p class=\"wp-block-paragraph\">El caso tambi\u00e9n despert\u00f3 inter\u00e9s porque&nbsp;<strong>la investigaci\u00f3n est\u00e1 a cargo de la misma fiscal que intervino en la causa por el femicidio de Xiomara Portillo<\/strong>, cuyo cuerpo fue encontrado a menos de un kil\u00f3metro del lugar donde este martes se produjo el nuevo hallazgo. Sin embargo,&nbsp;<strong>por el momento no existe ning\u00fan elemento que vincule ambos hechos<\/strong>, seg\u00fan las autoridades.<\/p>\n\n\n\n<p class=\"wp-block-paragraph\">(Fuente: Algo Est\u00e1 Pasando).<\/p>\n","protected":false},"excerpt":{"rendered":"<p>Un cuerpo sin vida en avanzado estado de descomposici\u00f3n fue hallado este martes por la tarde en el barrio Divino Ni\u00f1o de la ciudad de&#8230;<\/p>\n","protected":false},"author":1,"featured_media":36196,"comment_status":"closed","ping_status":"closed","sticky":false,"template":"","format":"standard","meta":{"_jetpack_newsletter_access":"","_jetpack_dont_email_post_to_subs":false,"_jetpack_newsletter_tier_id":0,"_jetpack_memberships_contains_paywalled_content":false,"_jetpack_feature_clip_id":0,"_jetpack_memberships_contains_paid_content":false,"footnotes":"","jetpack_post_was_ever_published":false},"categories":[4],"tags":[],"class_list":["post-36195","post","type-post","status-publish","format-standard","has-post-thumbnail","hentry","category-formosa","entry","double"],"jetpack_sharing_enabled":true,"jetpack_featured_media_url":"https:\/\/diarioahora.com.ar\/wp-content\/uploads\/2026\/07\/r2-2026-07-28T234717.980.jpg","_links":{"self":[{"href":"https:\/\/diarioahora.com.ar\/index.php\/wp-json\/wp\/v2\/posts\/36195","targetHints":{"allow":["GET"]}}],"collection":[{"href":"https:\/\/diarioahora.com.ar\/index.php\/wp-json\/wp\/v2\/posts"}],"about":[{"href":"https:\/\/diarioahora.com.ar\/index.php\/wp-json\/wp\/v2\/types\/post"}],"author":[{"embeddable":true,"href":"https:\/\/diarioahora.com.ar\/index.php\/wp-json\/wp\/v2\/users\/1"}],"replies":[{"embeddable":true,"href":"https:\/\/diarioahora.com.ar\/index.php\/wp-json\/wp\/v2\/comments?post=36195"}],"version-history":[{"count":1,"href":"https:\/\/diarioahora.com.ar\/index.php\/wp-json\/wp\/v2\/posts\/36195\/revisions"}],"predecessor-version":[{"id":36197,"href":"https:\/\/diarioahora.com.ar\/index.php\/wp-json\/wp\/v2\/posts\/36195\/revisions\/36197"}],"wp:featuredmedia":[{"embeddable":true,"href":"https:\/\/diarioahora.com.ar\/index.php\/wp-json\/wp\/v2\/media\/36196"}],"wp:attachment":[{"href":"https:\/\/diarioahora.com.ar\/index.php\/wp-json\/wp\/v2\/media?parent=36195"}],"wp:term":[{"taxonomy":"category","embeddable":true,"href":"https:\/\/diarioahora.com.ar\/index.php\/wp-json\/wp\/v2\/categories?post=36195"},{"taxonomy":"post_tag","embeddable":true,"href":"https:\/\/diarioahora.com.ar\/index.php\/wp-json\/wp\/v2\/tags?post=36195"}],"curies":[{"name":"wp","href":"https:\/\/api.w.org\/{rel}","templated":true}]}}