{"id":36192,"date":"2026-07-29T02:40:45","date_gmt":"2026-07-29T02:40:45","guid":{"rendered":"https:\/\/diarioahora.com.ar\/?p=36192"},"modified":"2026-07-29T02:40:45","modified_gmt":"2026-07-29T02:40:45","slug":"tragedia-en-las-cataratas-del-iguazu-un-turista-neerlandes-murio-al-volcar-una-lancha-durante-una-excursion","status":"publish","type":"post","link":"https:\/\/diarioahora.com.ar\/index.php\/2026\/07\/29\/tragedia-en-las-cataratas-del-iguazu-un-turista-neerlandes-murio-al-volcar-una-lancha-durante-una-excursion\/","title":{"rendered":"Tragedia en las Cataratas del Iguaz\u00fa: un turista neerland\u00e9s muri\u00f3 al volcar una lancha durante una excursi\u00f3n"},"content":{"rendered":"\n<p class=\"wp-block-paragraph\"><strong>Un turista holand\u00e9s muri\u00f3<\/strong>\u00a0y otros dos resultaron heridos este martes luego de que\u00a0<strong>una embarcaci\u00f3n volcara\u00a0<\/strong>durante una excursi\u00f3n en el\u00a0<strong>Parque Nacional de Igua\u00e7u<\/strong>, en el oeste del estado brasile\u00f1o de Paran\u00e1.<\/p>\n\n\n\n<p class=\"wp-block-paragraph\">El hecho fue reportado a las 12:20 al Departamento de Bomberos de Foz como una\u00a0<strong>emergencia de b\u00fasqueda y rescate acu\u00e1tico<\/strong>. La embarcaci\u00f3n -de la empresa Macuco Safari- llevaba adelante uno de los tradicionales recorridos tur\u00edsticos que permiten a los visitantes aproximarse a las Cataratas del Iguaz\u00fa.<\/p>\n\n\n\n<p class=\"wp-block-paragraph\">La muerte del joven de 26 a\u00f1os fue confirmada por el gerente de Macuco Safari a la cadena&nbsp;<em>RPC<\/em>, filial de&nbsp;<em>TV Globo&nbsp;<\/em>en Paran\u00e1. Hasta la \u00faltima actualizaci\u00f3n oficial difundida&nbsp;<strong>no se hab\u00edan establecido las circunstancias que provocaron el vuelco.<\/strong><\/p>\n\n\n\n<p class=\"wp-block-paragraph\">Adem\u00e1s de la v\u00edctima fatal,&nbsp;<strong>otras dos personas&nbsp;<\/strong>que iban en la lancha&nbsp;<strong>fueron rescatadas y trasladadas&nbsp;<\/strong>al Hospital Municipal Padre Germano Lauck, en Foz do Igua\u00e7u. Tambi\u00e9n se confirm\u00f3 que ambos son de nacionalidad holandesa.<\/p>\n\n\n\n<p class=\"wp-block-paragraph\">Uno de ellos es un hombre de 49 a\u00f1os, que&nbsp;<strong>permanece consciente&nbsp;<\/strong>y respira sin asistencia; el otro es su yerno, quien no necesit\u00f3 atenci\u00f3n m\u00e9dica, pero qued\u00f3 bajo observaci\u00f3n en el centro de salud.<\/p>\n\n\n\n<p class=\"wp-block-paragraph\">Luego del episodio, personal de la Armada de Brasil se traslad\u00f3 hasta el lugar para colaborar con el operativo, hacer las primeras evaluaciones y supervisar las medidas adoptadas por los organismos de emergencia.<\/p>\n\n\n\n<figure class=\"wp-block-image\"><img decoding=\"async\" src=\"https:\/\/tn.com.ar\/resizer\/v2\/otros-dos-turistas-holandeses-sufrieron-heridas-y-fueron-asistidos-foto-gentileza-misiones-online-I3AAYEE6IVCXNEXQWVZHTRYDNQ.jpg?auth=b4a342664d96c6ca77521de1e5fbefb2e564497e1b6eb976bd1883a2364485ae&amp;width=767\" alt=\"Otros dos turistas holandeses sufrieron heridas y fueron asistidos. (Foto: Gentileza Misiones Online)\"\/><figcaption class=\"wp-element-caption\">Otros dos turistas holandeses sufrieron heridas y fueron asistidos. (Foto: Gentileza Misiones Online)<\/figcaption><\/figure>\n\n\n\n<p class=\"wp-block-paragraph\">La investigaci\u00f3n qued\u00f3 bajo la \u00f3rbita de la&nbsp;<strong>Capitan\u00eda Fluvial del R\u00edo Paran\u00e1<\/strong>, que buscar\u00e1 determinar c\u00f3mo ocurri\u00f3 el vuelco, cu\u00e1les fueron sus causas y si existieron responsabilidades vinculadas con el accidente.<\/p>\n\n\n\n<h2 class=\"wp-block-heading\">El comunicado oficial del Parque Nacional Iguaz\u00fa<\/h2>\n\n\n\n<p class=\"wp-block-paragraph\">El Instituto Chico Mendes de Conservaci\u00f3n de la Biodiversidad (ICMBio) lamenta profundamente la muerte de un turista tras un accidente ocurrido durante el paseo Macuco Safari,<strong>&nbsp;realizado al final de la ma\u00f1ana de este martes (28) en el Parque Nacional Iguaz\u00fa, en el estado de Paran\u00e1.<\/strong><\/p>\n\n\n\n<p class=\"wp-block-paragraph\">El hecho involucr\u00f3 a una familia que realizaba un paseo privado. En total, ocho personas viajaban en la embarcaci\u00f3n: seis turistas holandeses y dos tripulantes (el piloto y el copiloto).&nbsp;<strong>El rescate y la asistencia a los turistas se llevaron a cabo de manera inmediata.<\/strong><\/p>\n\n\n\n<p class=\"wp-block-paragraph\">En su calidad de organismo fiscalizador del contrato, el ICMBio verific\u00f3 que toda la documentaci\u00f3n de la concesionaria Ilha do Sol, responsable de la excursi\u00f3n, se encuentra en regla.<strong>&nbsp;Las circunstancias del accidente est\u00e1n siendo investigadas por las autoridades competentes, y el ICMBio colabora con ellas para esclarecer lo ocurrido.<\/strong><\/p>\n\n\n\n<p class=\"wp-block-paragraph\">El Instituto inform\u00f3 adem\u00e1s que, a ra\u00edz de este hecho, las actividades del paseo Macuco Safari quedar\u00e1n suspendidas durante tres d\u00edas, a partir de este mi\u00e9rcoles (29).<\/p>\n\n\n\n<h2 class=\"wp-block-heading\">La empresa suspendi\u00f3 las excursiones tras el accidente<\/h2>\n\n\n\n<p class=\"wp-block-paragraph\">Tras la muerte del turista, la empresa responsable del paseo inform\u00f3 la&nbsp;<strong>suspensi\u00f3n temporal&nbsp;<\/strong>de sus actividades. Macuco Safari ofrece recorridos de ecoturismo dentro del Parque Nacional do Igua\u00e7u, entre ellos senderos por la Mata Atl\u00e1ntica y excursiones en embarcaciones que trasladan a los visitantes hasta las inmediaciones de las Cataratas del Iguaz\u00fa.<\/p>\n\n\n\n<p class=\"wp-block-paragraph\">A su vez, informaron que quienes ya hab\u00edan adquirido entradas podr\u00e1n optar por recibir el reintegro del dinero o reprogramar la excursi\u00f3n para otra fecha.<\/p>\n\n\n\n<p class=\"wp-block-paragraph\">El accidente se produjo pocos d\u00edas despu\u00e9s de que&nbsp;<strong>el \u00e1rea tur\u00edstica de las Cataratas atravesara un episodio de elevado caudal.&nbsp;<\/strong>El jueves 23, un sector de senderos hab\u00eda sido cerrado debido a un volumen de agua que lleg\u00f3 a 9,1 millones de litros por segundo, unas seis veces por encima del promedio. Hasta el momento, las autoridades no informaron que exista una relaci\u00f3n entre aquella situaci\u00f3n y el vuelco de la embarcaci\u00f3n.<\/p>\n\n\n\n<h2 class=\"wp-block-heading\">El comunicado de la empresa de turismo luego de la tragedia en Cataratas del Iguaz\u00fa<\/h2>\n\n\n\n<p class=\"wp-block-paragraph\">\u201cMacuco Safari informa que alrededor del mediod\u00eda de este martes, se produjo un accidente con una de sus embarcaciones durante una excursi\u00f3n en las Cataratas del Iguaz\u00fa. Seis personas viajaban a bordo, incluyendo cuatro turistas neerlandeses\u201d, anunci\u00f3 la compa\u00f1\u00eda.<\/p>\n\n\n\n<p class=\"wp-block-paragraph\">Adem\u00e1s, indicaron que&nbsp;<strong>\u201ctodos fueron rescatados inmediatamente despu\u00e9s del incidente<\/strong>\u201c, y que \u201cdos de ellos fueron trasladados al hospital de Foz do Igua\u00e7u\u201d.<\/p>\n\n\n\n<p class=\"wp-block-paragraph\">\u201cA pesar de los esfuerzos de los equipos de rescate, una de las v\u00edctimas falleci\u00f3\u201d, agegaron<strong>.<\/strong><\/p>\n\n\n\n<p class=\"wp-block-paragraph\">&#8220;<strong>La empresa expresa su m\u00e1s sentido p\u00e9same por el fallecimiento de uno de los turistas y extiende sus condolencias a la familia y amigos de la v\u00edctima<\/strong>. Contin\u00faa brindando asistencia a las v\u00edctimas, ofreci\u00e9ndoles todo el apoyo necesario&#8221;,<strong>&nbsp;concluy\u00f3 el comunicado.<\/strong><\/p>\n\n\n\n<p class=\"wp-block-paragraph\">(TN).<\/p>\n","protected":false},"excerpt":{"rendered":"<p>Un turista holand\u00e9s muri\u00f3\u00a0y otros dos resultaron heridos este martes luego de que\u00a0una embarcaci\u00f3n volcara\u00a0durante una excursi\u00f3n en el\u00a0Parque Nacional de Igua\u00e7u, en el oeste&#8230;<\/p>\n","protected":false},"author":1,"featured_media":36193,"comment_status":"closed","ping_status":"closed","sticky":false,"template":"","format":"standard","meta":{"_jetpack_newsletter_access":"","_jetpack_dont_email_post_to_subs":false,"_jetpack_newsletter_tier_id":0,"_jetpack_memberships_contains_paywalled_content":false,"_jetpack_feature_clip_id":0,"_jetpack_memberships_contains_paid_content":false,"footnotes":"","jetpack_post_was_ever_published":false},"categories":[14],"tags":[],"class_list":["post-36192","post","type-post","status-publish","format-standard","has-post-thumbnail","hentry","category-internacional","entry","double"],"jetpack_sharing_enabled":true,"jetpack_featured_media_url":"https:\/\/diarioahora.com.ar\/wp-content\/uploads\/2026\/07\/r2-61.webp","_links":{"self":[{"href":"https:\/\/diarioahora.com.ar\/index.php\/wp-json\/wp\/v2\/posts\/36192","targetHints":{"allow":["GET"]}}],"collection":[{"href":"https:\/\/diarioahora.com.ar\/index.php\/wp-json\/wp\/v2\/posts"}],"about":[{"href":"https:\/\/diarioahora.com.ar\/index.php\/wp-json\/wp\/v2\/types\/post"}],"author":[{"embeddable":true,"href":"https:\/\/diarioahora.com.ar\/index.php\/wp-json\/wp\/v2\/users\/1"}],"replies":[{"embeddable":true,"href":"https:\/\/diarioahora.com.ar\/index.php\/wp-json\/wp\/v2\/comments?post=36192"}],"version-history":[{"count":1,"href":"https:\/\/diarioahora.com.ar\/index.php\/wp-json\/wp\/v2\/posts\/36192\/revisions"}],"predecessor-version":[{"id":36194,"href":"https:\/\/diarioahora.com.ar\/index.php\/wp-json\/wp\/v2\/posts\/36192\/revisions\/36194"}],"wp:featuredmedia":[{"embeddable":true,"href":"https:\/\/diarioahora.com.ar\/index.php\/wp-json\/wp\/v2\/media\/36193"}],"wp:attachment":[{"href":"https:\/\/diarioahora.com.ar\/index.php\/wp-json\/wp\/v2\/media?parent=36192"}],"wp:term":[{"taxonomy":"category","embeddable":true,"href":"https:\/\/diarioahora.com.ar\/index.php\/wp-json\/wp\/v2\/categories?post=36192"},{"taxonomy":"post_tag","embeddable":true,"href":"https:\/\/diarioahora.com.ar\/index.php\/wp-json\/wp\/v2\/tags?post=36192"}],"curies":[{"name":"wp","href":"https:\/\/api.w.org\/{rel}","templated":true}]}}