{"id":36130,"date":"2026-07-26T20:20:35","date_gmt":"2026-07-26T20:20:35","guid":{"rendered":"https:\/\/diarioahora.com.ar\/?p=36130"},"modified":"2026-07-26T20:20:37","modified_gmt":"2026-07-26T20:20:37","slug":"el-municipio-de-formosa-entrego-los-certificados-a-los-vecinos-que-terminaron-los-cursos-de-la-escuela-de-artes-y-oficios","status":"publish","type":"post","link":"https:\/\/diarioahora.com.ar\/index.php\/2026\/07\/26\/el-municipio-de-formosa-entrego-los-certificados-a-los-vecinos-que-terminaron-los-cursos-de-la-escuela-de-artes-y-oficios\/","title":{"rendered":"El municipio de Formosa entreg\u00f3 los certificados a los vecinos que terminaron los cursos de la Escuela de Artes y Oficios"},"content":{"rendered":"\n<p class=\"wp-block-paragraph\">La Escuela Municipal de Artes y Oficios celebr\u00f3 este s\u00e1bado su d\u00e9cimo aniversario con la entrega de 512 certificados a la primera cohorte de 2026, en un acto encabezado por el intendente Jorge Jofr\u00e9 y la secretaria de Acci\u00f3n Social, Paula Catt\u00e1neo. Con estos egresados, los vecinos formados en un oficios desde el primer d\u00eda supera los 7.000.<\/p>\n\n\n\n<p class=\"wp-block-paragraph\">Fue una jornada de doble emoci\u00f3n. La del vecino que sube a recibir su diploma, con la familia de pie desde las sillas, y la de una pol\u00edtica p\u00fablica que cumple diez a\u00f1os sin haberse detenido.&nbsp;<\/p>\n\n\n\n<figure class=\"wp-block-image size-large\"><img fetchpriority=\"high\" decoding=\"async\" width=\"1024\" height=\"683\" src=\"https:\/\/diarioahora.com.ar\/wp-content\/uploads\/2026\/07\/r2-61-1024x683.jpg\" alt=\"\" class=\"wp-image-36131\" srcset=\"https:\/\/diarioahora.com.ar\/wp-content\/uploads\/2026\/07\/r2-61-1024x683.jpg 1024w, https:\/\/diarioahora.com.ar\/wp-content\/uploads\/2026\/07\/r2-61-300x200.jpg 300w, https:\/\/diarioahora.com.ar\/wp-content\/uploads\/2026\/07\/r2-61-768x512.jpg 768w, https:\/\/diarioahora.com.ar\/wp-content\/uploads\/2026\/07\/r2-61.jpg 1440w\" sizes=\"(max-width: 1024px) 100vw, 1024px\" \/><\/figure>\n\n\n\n<p class=\"wp-block-paragraph\">En su mensaje, el intendente repas\u00f3 la historia de la Escuela desde el principio y agradeci\u00f3 a los egresados, a las familias, a los medios y a los dirigentes gremiales que acompa\u00f1aron. \u00abEn cada una de las entregas que venimos haciendo siempre los vi presentes, y eso demuestra un compromiso hacia esto que emprendimos como un sue\u00f1o\u00bb, expres\u00f3.<\/p>\n\n\n\n<p class=\"wp-block-paragraph\">Ese sue\u00f1o, cont\u00f3, empez\u00f3 antes de 2015. \u00abSi me pongo a pensar, fue un poquito antes, cuando estaba de ministro de Planificaci\u00f3n. Se nos ocurri\u00f3 dictar un curso de mec\u00e1nica de motos, porque ya ven\u00edamos transitando una \u00e9poca en que el trabajo escaseaba, como ocurre hoy. Y no nos vamos a cerrar los ojos para decir que conseguir trabajo es f\u00e1cil\u00bb, se\u00f1al\u00f3. Aquel primer curso se dict\u00f3 con motocicletas fuera de uso que ten\u00eda secuestradas la polic\u00eda, y de \u00e9l egresaron unos cuarenta mec\u00e1nicos.<\/p>\n\n\n\n<p class=\"wp-block-paragraph\">Ya en la campa\u00f1a para la intendencia, en 2015, la idea tom\u00f3 forma. \u00abNos propusimos crear una ciudad inclusiva, participativa, en la que todos tengamos oportunidades de trabajo, y tambi\u00e9n tur\u00edstica\u00bb, record\u00f3. Reconoci\u00f3 all\u00ed la tarea de la Provincia en materia educativa: \u00abLa gesti\u00f3n del gobernador Gildo Insfr\u00e1n tiene un gran trabajo en educaci\u00f3n, en todos los niveles, con establecimientos y docentes extraordinarios. Pero hab\u00eda gente que su necesidad era otra: por la edad o porque la vida no le permiti\u00f3 estudiar, y necesitaba algo r\u00e1pido para salir al mercado laboral\u00bb.<\/p>\n\n\n\n<figure class=\"wp-block-image size-large\"><img decoding=\"async\" width=\"1024\" height=\"683\" src=\"https:\/\/diarioahora.com.ar\/wp-content\/uploads\/2026\/07\/r2-62-1024x683.jpg\" alt=\"\" class=\"wp-image-36132\" srcset=\"https:\/\/diarioahora.com.ar\/wp-content\/uploads\/2026\/07\/r2-62-1024x683.jpg 1024w, https:\/\/diarioahora.com.ar\/wp-content\/uploads\/2026\/07\/r2-62-300x200.jpg 300w, https:\/\/diarioahora.com.ar\/wp-content\/uploads\/2026\/07\/r2-62-768x512.jpg 768w, https:\/\/diarioahora.com.ar\/wp-content\/uploads\/2026\/07\/r2-62.jpg 1440w\" sizes=\"(max-width: 1024px) 100vw, 1024px\" \/><\/figure>\n\n\n\n<p class=\"wp-block-paragraph\">De ah\u00ed, explic\u00f3, sali\u00f3 la decisi\u00f3n de que el municipio hiciera algo distinto. \u00abPara nosotros la Municipalidad no tiene que dedicarse solamente a barrer las calles, cambiar los focos o recolectar la basura. En esas 40.000 hect\u00e1reas de ejido urbano viven personas de carne y hueso, con sus necesidades personales, y a partir de ah\u00ed surgi\u00f3 la Escuela de Artes y Oficios\u00bb, sostuvo. En la misma l\u00ednea ubic\u00f3 los festivales, el centro de atenci\u00f3n de las mascotas y los museos de la ciudad y el ferroviario, \u00abanexos a la tarea espec\u00edfica del municipio, pero que tambi\u00e9n nos ayudan a crecer como sociedad\u00bb.<\/p>\n\n\n\n<p class=\"wp-block-paragraph\">Despu\u00e9s lleg\u00f3 la parte m\u00e1s emotiva. \u00abMe siento orgulloso, me siento emocionado de haber cumplido con la palabra empe\u00f1ada, de haber cumplido con mi pueblo. Yo soy un vecino m\u00e1s, sal\u00ed del seno de esta sociedad, y como formose\u00f1o nacido y criado ac\u00e1 entiendo las necesidades de mi gente\u00bb, afirm\u00f3. Y pidi\u00f3 un aplauso doble: para los que recib\u00edan su diploma esa tarde y para los 6.500 que ya hab\u00edan pasado por la Escuela.<\/p>\n\n\n\n<p class=\"wp-block-paragraph\">Hubo lugar para las an\u00e9cdotas, y el intendente las cont\u00f3 una por una. El vecino que lo par\u00f3 en un festival del paseo ferroviario para agradecerle y contarle que ya ten\u00eda su propio taller de motos, cerca del circuito 5, y que todav\u00eda le debe una visita. Los egresados que despu\u00e9s se encontr\u00f3 preparando tragos en un bar. El curso de mantenimiento de piletas, que naci\u00f3 porque un empresario del rubro le dijo que no consegu\u00eda gente formada. La sede de UTHGRA que puso a disposici\u00f3n el dirigente Nino, con su bar y su hotel de pr\u00e1ctica, \u00abdonde se reciben en un clima espectacular, como si estuvieran atendiendo de verdad\u00bb. Y el curso de auxiliar de farmacia, que sum\u00f3 el gremialista Meli\u00e1n.<\/p>\n\n\n\n<p class=\"wp-block-paragraph\">Tambi\u00e9n destac\u00f3 a los que llegaron desde el interior. \u00abMe da alegr\u00eda saber que hay gente que vino, que se preocup\u00f3 por estudiar ac\u00e1 para tener una salida laboral r\u00e1pida\u00bb, dijo, y mencion\u00f3 a vecinos de Naineck y Riacho He He. Este a\u00f1o, adem\u00e1s, la propuesta cruz\u00f3 los l\u00edmites de la ciudad: se dictaron cursos en Palo Santo, y el responsable del \u00e1rea de arte de esa localidad, Diarte, viaj\u00f3 hasta el acto para llevar los diplomas de los 30 vecinos que se formaron en electricidad. \u00abGracias, porque vos tambi\u00e9n hiciste que tu pueblo pueda tener esa oportunidad\u00bb, le dijo Jofr\u00e9 desde el escenario.<\/p>\n\n\n\n<p class=\"wp-block-paragraph\">Sobre el cierre, dej\u00f3 un pedido y una convicci\u00f3n. \u00abNo se alejen nunca de esa idea que tuvieron, de ese sue\u00f1o de crear su propio emprendimiento o de conseguir un trabajo en un momento duro\u00bb, pidi\u00f3. Y ancl\u00f3 la propuesta en una idea de fondo: \u00abEl conocimiento es lo \u00fanico que iguala a los hombres. A partir del conocimiento podemos lograr una cierta igualdad\u00bb. Recuper\u00f3, adem\u00e1s, al general Per\u00f3n: \u00abLo \u00fanico que dignifica al hombre es el trabajo, y cada hombre debe producir por lo menos lo que consume\u00bb. Record\u00f3 que fue durante el peronismo cuando se crearon las primeras escuelas de artes y oficios, y que esa historia le dio fuerza para impulsar tambi\u00e9n la C\u00e1mara de Emprendedores del municipio. Agradeci\u00f3, por \u00faltimo, a las familias, a los egresados, al equipo de Acci\u00f3n Social, a Cabrera, a los capacitadores y a Catt\u00e1neo. \u00abSigamos creciendo con las mismas ganas\u00bb, cerr\u00f3.<\/p>\n\n\n\n<figure class=\"wp-block-image size-large\"><img decoding=\"async\" width=\"1024\" height=\"683\" src=\"https:\/\/diarioahora.com.ar\/wp-content\/uploads\/2026\/07\/r2-63-1024x683.jpg\" alt=\"\" class=\"wp-image-36133\" srcset=\"https:\/\/diarioahora.com.ar\/wp-content\/uploads\/2026\/07\/r2-63-1024x683.jpg 1024w, https:\/\/diarioahora.com.ar\/wp-content\/uploads\/2026\/07\/r2-63-300x200.jpg 300w, https:\/\/diarioahora.com.ar\/wp-content\/uploads\/2026\/07\/r2-63-768x512.jpg 768w, https:\/\/diarioahora.com.ar\/wp-content\/uploads\/2026\/07\/r2-63.jpg 1440w\" sizes=\"(max-width: 1024px) 100vw, 1024px\" \/><\/figure>\n\n\n\n<p class=\"wp-block-paragraph\">En nombre de los egresados habl\u00f3 Andrea Celeste Palacios, que agradeci\u00f3 al intendente, a Catt\u00e1neo y a Cabrera por sostener una pol\u00edtica p\u00fablica que entiende la capacitaci\u00f3n como un derecho y no como un privilegio. \u00abHoy no solo finalizamos un curso: nos llevamos un oficio, una herramienta concreta para construir oportunidades y salir adelante\u00bb, afirm\u00f3. Tuvo, adem\u00e1s, un reconocimiento especial para su profesora, Graciela, por ense\u00f1ar con compromiso y empat\u00eda.<\/p>\n\n\n\n<p class=\"wp-block-paragraph\">La joven remarc\u00f3 que la cursada signific\u00f3 bastante m\u00e1s que adquirir conocimientos. \u00abPara muchos de nosotros fue una posibilidad concreta de crecimiento, de independencia y de futuro\u00bb, sostuvo. En tiempos en que el acceso a las oportunidades suele ser dif\u00edcil, valor\u00f3 encontrar un espacio gratuito de formaci\u00f3n y acompa\u00f1amiento, y agradeci\u00f3 que se apueste al desarrollo de las personas con herramientas para generar trabajo, emprender y crecer.<\/p>\n\n\n\n<p class=\"wp-block-paragraph\">Tambi\u00e9n hizo uso de la palabra la directora de Financiamiento y Desarrollo Local, Magal\u00ed Zan\u00edn, en representaci\u00f3n de la Secretar\u00eda de Acci\u00f3n Social. \u00abQu\u00e9 lindo es ver este sal\u00f3n lleno de personas que decidieron regalarse una oportunidad\u00bb, comenz\u00f3. Subray\u00f3 que cada certificado representa esfuerzo, dedicaci\u00f3n y compromiso, y plante\u00f3 que los 512 diplomas son tambi\u00e9n 512 familias. Record\u00f3 que la Escuela naci\u00f3 de una promesa de campa\u00f1a de Jofr\u00e9 convertida en realidad, y que a diez a\u00f1os ya re\u00fane a m\u00e1s de 7.000 egresados \u00abque la eligieron, que la eligen y que la siguen recomendando\u00bb.<\/p>\n\n\n\n<p class=\"wp-block-paragraph\">Zan\u00edn puso el acento en la escucha como m\u00e9todo. Cont\u00f3 que fue esa atenci\u00f3n a la demanda la que adapt\u00f3 la oferta: cursos que antes eran mixtos, como Herrer\u00eda Artesanal, hoy tienen su versi\u00f3n para mujeres, y se sumaron propuestas como Panader\u00eda sin TACC o Producci\u00f3n de Moda. \u00abUn municipio puede hacer mucho m\u00e1s que el ABL\u00bb, resumi\u00f3. Y record\u00f3 que la Secretar\u00eda no termina su tarea con el diploma: acompa\u00f1a la primera salida laboral a trav\u00e9s de la Feria Emprendedora, que funciona los dos primeros s\u00e1bados de cada mes frente al Palacio Municipal, con capacitaciones gratuitas para darle valor agregado a cada emprendimiento.<\/p>\n\n\n\n<p class=\"wp-block-paragraph\">Diez a\u00f1os despu\u00e9s de aquella promesa de campa\u00f1a, los n\u00fameros acompa\u00f1an el relato. La Escuela arranc\u00f3 con seis cursos y en este ciclo puso en marcha veintisiete propuestas distintas. Los talleres funcionan en once espacios distribuidos por la ciudad: el Centro de Capacitaci\u00f3n Municipal, el Centro Municipal de Arte (CeMUArt), Casa Azul, la Direcci\u00f3n de Adultos Mayores, el Taller Amarilla de la familia Amarilla, la casa particular de la familia Ben\u00edtez Pino, A.T.E., UTHGRA, la Asociaci\u00f3n Formose\u00f1a de Trabajadores de Farmacia, la Asociaci\u00f3n Civil Femenina \u00abEva Per\u00f3n\u00bb y el quincho \u00abLo de Tili\u00bb, de la familia Cuk. Muchos de esos lugares abrieron sus puertas sin pedir nada a cambio.<\/p>\n\n\n\n<p class=\"wp-block-paragraph\">La oferta no se arma desde un escritorio. Los cursos se eligen seg\u00fan los oficios que de verdad tienen demanda en la ciudad, escuchando al vecino antes de decidir qu\u00e9 ense\u00f1ar, y se dictan de manera enteramente gratuita para que ni la distancia ni el costo del transporte sean un obst\u00e1culo. Esa gratuidad se sostuvo, adem\u00e1s, justo cuando m\u00e1s se la necesita, como una decisi\u00f3n pol\u00edtica de la gesti\u00f3n acompa\u00f1ada por el Gobierno de la Provincia.<\/p>\n\n\n\n<p class=\"wp-block-paragraph\">El trabajo diario recae en la Direcci\u00f3n de Artes y Oficios que conduce Lucas Cabrera, con su equipo administrativo y su cuerpo de capacitadores. La entrega se realiz\u00f3 por curso, de modo que cada grupo subiera junto a los capacitadores que lo acompa\u00f1aron durante toda la cursada. Porque el certificado es individual, pero el recorrido nunca lo fue.<\/p>\n\n\n\n<p class=\"wp-block-paragraph\">Para muchos de los 512 egresados, este s\u00e1bado es el punto de partida de un emprendimiento propio. Para otros, una herramienta m\u00e1s para defenderse en el d\u00eda a d\u00eda. Para todos, un saber nuevo que nadie les va a poder quitar.<\/p>\n","protected":false},"excerpt":{"rendered":"<p>La Escuela Municipal de Artes y Oficios celebr\u00f3 este s\u00e1bado su d\u00e9cimo aniversario con la entrega de 512 certificados a la primera cohorte de 2026,&#8230;<\/p>\n","protected":false},"author":1,"featured_media":36134,"comment_status":"closed","ping_status":"closed","sticky":false,"template":"","format":"standard","meta":{"_jetpack_newsletter_access":"","_jetpack_dont_email_post_to_subs":false,"_jetpack_newsletter_tier_id":0,"_jetpack_memberships_contains_paywalled_content":false,"_jetpack_feature_clip_id":0,"_jetpack_memberships_contains_paid_content":false,"footnotes":"","jetpack_post_was_ever_published":false},"categories":[4],"tags":[],"class_list":["post-36130","post","type-post","status-publish","format-standard","has-post-thumbnail","hentry","category-formosa","entry","double"],"jetpack_sharing_enabled":true,"jetpack_featured_media_url":"https:\/\/diarioahora.com.ar\/wp-content\/uploads\/2026\/07\/r2-2026-07-26T171948.144.jpg","_links":{"self":[{"href":"https:\/\/diarioahora.com.ar\/index.php\/wp-json\/wp\/v2\/posts\/36130","targetHints":{"allow":["GET"]}}],"collection":[{"href":"https:\/\/diarioahora.com.ar\/index.php\/wp-json\/wp\/v2\/posts"}],"about":[{"href":"https:\/\/diarioahora.com.ar\/index.php\/wp-json\/wp\/v2\/types\/post"}],"author":[{"embeddable":true,"href":"https:\/\/diarioahora.com.ar\/index.php\/wp-json\/wp\/v2\/users\/1"}],"replies":[{"embeddable":true,"href":"https:\/\/diarioahora.com.ar\/index.php\/wp-json\/wp\/v2\/comments?post=36130"}],"version-history":[{"count":1,"href":"https:\/\/diarioahora.com.ar\/index.php\/wp-json\/wp\/v2\/posts\/36130\/revisions"}],"predecessor-version":[{"id":36135,"href":"https:\/\/diarioahora.com.ar\/index.php\/wp-json\/wp\/v2\/posts\/36130\/revisions\/36135"}],"wp:featuredmedia":[{"embeddable":true,"href":"https:\/\/diarioahora.com.ar\/index.php\/wp-json\/wp\/v2\/media\/36134"}],"wp:attachment":[{"href":"https:\/\/diarioahora.com.ar\/index.php\/wp-json\/wp\/v2\/media?parent=36130"}],"wp:term":[{"taxonomy":"category","embeddable":true,"href":"https:\/\/diarioahora.com.ar\/index.php\/wp-json\/wp\/v2\/categories?post=36130"},{"taxonomy":"post_tag","embeddable":true,"href":"https:\/\/diarioahora.com.ar\/index.php\/wp-json\/wp\/v2\/tags?post=36130"}],"curies":[{"name":"wp","href":"https:\/\/api.w.org\/{rel}","templated":true}]}}