{"id":33826,"date":"2026-05-02T15:27:37","date_gmt":"2026-05-02T15:27:37","guid":{"rendered":"https:\/\/diarioahora.com.ar\/?p=33826"},"modified":"2026-05-02T15:27:38","modified_gmt":"2026-05-02T15:27:38","slug":"milei-logra-la-mayor-reduccion-historica-de-empleados-publicos-denominados-noquis-que-su-unica-funcion-era-militar-para-el-kirchnerismo-y-marca-un-quiebre-con-las-gestiones-anteriores","status":"publish","type":"post","link":"https:\/\/diarioahora.com.ar\/index.php\/2026\/05\/02\/milei-logra-la-mayor-reduccion-historica-de-empleados-publicos-denominados-noquis-que-su-unica-funcion-era-militar-para-el-kirchnerismo-y-marca-un-quiebre-con-las-gestiones-anteriores\/","title":{"rendered":"Milei logra la mayor reducci\u00f3n hist\u00f3rica de empleados p\u00fablicos denominados &#8220;\u00d1oquis&#8221; que su \u00fanica funci\u00f3n era militar para el kirchnerismo y marca un quiebre con las gestiones anteriores"},"content":{"rendered":"\n<p>El gobierno encabezado por el presidente Javier Milei ha implementado una pol\u00edtica activa de reducci\u00f3n de personal en la Administraci\u00f3n P\u00fablica Nacional (APN) y en empresas estatales, con el objetivo de disminuir la cantidad de empleados considerados \u201c\u00f1oquis\u201d, es decir, aquellos que ocupaban cargos p\u00fablicos sin funciones espec\u00edficas m\u00e1s all\u00e1 de la militancia pol\u00edtica a favor del kirchnerismo.<\/p>\n\n\n\n<p>Milei ha convertido la lucha contra los llamados \u201c\u00f1oquis\u201d en una de las banderas centrales de su gesti\u00f3n. Seg\u00fan el Informe de Gesti\u00f3n N\u00b0 145 presentado esta semana por la Jefatura de Gabinete en la C\u00e1mara de Diputados, entre diciembre de 2023 y febrero de 2026 se produjo una reducci\u00f3n hist\u00f3rica en la cantidad de empleados p\u00fablicos.<\/p>\n\n\n\n<p>En el universo de las empresas estatales, la ca\u00edda fue de 18.278 puestos, pasando de 91.166 a 72.888. En la Administraci\u00f3n P\u00fablica Nacional, la merma alcanz\u00f3 los 37.972 agentes, lo que equivale a una contracci\u00f3n del 18,5%.<\/p>\n\n\n\n<p>La pol\u00edtica contrasta con lo ocurrido en gobiernos anteriores: mientras que durante la gesti\u00f3n de Mauricio Macri no se realizaron cambios significativos en la estructura estatal, en el \u00faltimo gobierno kirchnerista encabezado por Alberto Fern\u00e1ndez, Cristina Kirchner y Sergio Massa se expandi\u00f3 la planta p\u00fablica hasta niveles r\u00e9cord.<\/p>\n\n\n\n<p>Con estas cifras, Milei se posiciona como el presidente que m\u00e1s ha avanzado en la reducci\u00f3n de personal vinculado a la militancia pol\u00edtica dentro del Estado, marcando un quiebre respecto de las administraciones previas.<\/p>\n\n\n\n<p><\/p>\n","protected":false},"excerpt":{"rendered":"<p>El gobierno encabezado por el presidente Javier Milei ha implementado una pol\u00edtica activa de reducci\u00f3n de personal en la Administraci\u00f3n P\u00fablica Nacional (APN) y en&#8230;<\/p>\n","protected":false},"author":1,"featured_media":33827,"comment_status":"closed","ping_status":"closed","sticky":false,"template":"","format":"standard","meta":{"_jetpack_memberships_contains_paid_content":false,"footnotes":""},"categories":[8],"tags":[],"class_list":["post-33826","post","type-post","status-publish","format-standard","has-post-thumbnail","hentry","category-nacionales","entry","double"],"jetpack_featured_media_url":"https:\/\/diarioahora.com.ar\/wp-content\/uploads\/2026\/05\/r2-2026-05-02T122655.108.jpg","jetpack_sharing_enabled":true,"_links":{"self":[{"href":"https:\/\/diarioahora.com.ar\/index.php\/wp-json\/wp\/v2\/posts\/33826","targetHints":{"allow":["GET"]}}],"collection":[{"href":"https:\/\/diarioahora.com.ar\/index.php\/wp-json\/wp\/v2\/posts"}],"about":[{"href":"https:\/\/diarioahora.com.ar\/index.php\/wp-json\/wp\/v2\/types\/post"}],"author":[{"embeddable":true,"href":"https:\/\/diarioahora.com.ar\/index.php\/wp-json\/wp\/v2\/users\/1"}],"replies":[{"embeddable":true,"href":"https:\/\/diarioahora.com.ar\/index.php\/wp-json\/wp\/v2\/comments?post=33826"}],"version-history":[{"count":1,"href":"https:\/\/diarioahora.com.ar\/index.php\/wp-json\/wp\/v2\/posts\/33826\/revisions"}],"predecessor-version":[{"id":33828,"href":"https:\/\/diarioahora.com.ar\/index.php\/wp-json\/wp\/v2\/posts\/33826\/revisions\/33828"}],"wp:featuredmedia":[{"embeddable":true,"href":"https:\/\/diarioahora.com.ar\/index.php\/wp-json\/wp\/v2\/media\/33827"}],"wp:attachment":[{"href":"https:\/\/diarioahora.com.ar\/index.php\/wp-json\/wp\/v2\/media?parent=33826"}],"wp:term":[{"taxonomy":"category","embeddable":true,"href":"https:\/\/diarioahora.com.ar\/index.php\/wp-json\/wp\/v2\/categories?post=33826"},{"taxonomy":"post_tag","embeddable":true,"href":"https:\/\/diarioahora.com.ar\/index.php\/wp-json\/wp\/v2\/tags?post=33826"}],"curies":[{"name":"wp","href":"https:\/\/api.w.org\/{rel}","templated":true}]}}