{"id":33772,"date":"2026-04-29T18:41:05","date_gmt":"2026-04-29T18:41:05","guid":{"rendered":"https:\/\/diarioahora.com.ar\/?p=33772"},"modified":"2026-04-29T18:41:06","modified_gmt":"2026-04-29T18:41:06","slug":"el-gobernador-de-formosa-convoco-a-gremialistas-para-repudiar-la-intervencion-federal-y-se-olvidaron-de-tratar-la-pobreza-el-desempleo-y-los-bajos-suelos-de-municipales-del-interior","status":"publish","type":"post","link":"https:\/\/diarioahora.com.ar\/index.php\/2026\/04\/29\/el-gobernador-de-formosa-convoco-a-gremialistas-para-repudiar-la-intervencion-federal-y-se-olvidaron-de-tratar-la-pobreza-el-desempleo-y-los-bajos-suelos-de-municipales-del-interior\/","title":{"rendered":"El gobernador de Formosa convoc\u00f3 a gremialistas para repudiar la intervenci\u00f3n federal y se olvidaron de tratar la pobreza, el desempleo y los bajos suelos de municipales del interior"},"content":{"rendered":"\n<p>En la ma\u00f1ana de este mi\u00e9rcoles, el gobernador de la provincia de Formosa, Gildo Insfr\u00e1n reuni\u00f3 en Casa de Gobierno a gremialistas y representantes de la CGT local vinculados al gildismo. El encuentro tuvo como objetivo repudiar el proyecto de ley de intervenci\u00f3n a la provincia, impulsado en el Senado por Francisco Paoltroni, referente del bloque de La Libertad Avanza. Tras la reuni\u00f3n, los dirigentes emitieron un comunicado conjunto en defensa del mandatario provincial y su gesti\u00f3n.<\/p>\n\n\n\n<p>Lo ins\u00f3lito del encuentro fue que, pese a la gravedad de la situaci\u00f3n social en Formosa, no se abordaron temas como la falta de empleo, la pobreza que afecta a cerca del 70% de la poblaci\u00f3n, ni los bajos salarios de los empleados municipales del interior, que oscilan entre los 100 y 300 mil pesos, muy por debajo del m\u00ednimo vital y m\u00f3vil.<\/p>\n\n\n\n<p>La omisi\u00f3n de estos problemas expone la desconexi\u00f3n de los gremialistas respecto de la realidad cotidiana de los trabajadores y ciudadanos comunes. En cambio, la reuni\u00f3n dej\u00f3 en evidencia su alineamiento pol\u00edtico con el caudillo formose\u00f1o, quien lleva m\u00e1s de tres d\u00e9cadas en el poder.<\/p>\n\n\n\n<p>El episodio reaviva el debate sobre el rol de las organizaciones sindicales en la provincia y su capacidad o falta de ella para representar las demandas sociales m\u00e1s urgentes frente a un escenario de crisis econ\u00f3mica y precarizaci\u00f3n laboral.<\/p>\n","protected":false},"excerpt":{"rendered":"<p>En la ma\u00f1ana de este mi\u00e9rcoles, el gobernador de la provincia de Formosa, Gildo Insfr\u00e1n reuni\u00f3 en Casa de Gobierno a gremialistas y representantes de&#8230;<\/p>\n","protected":false},"author":1,"featured_media":33773,"comment_status":"closed","ping_status":"closed","sticky":false,"template":"","format":"standard","meta":{"_jetpack_memberships_contains_paid_content":false,"footnotes":""},"categories":[4],"tags":[],"class_list":["post-33772","post","type-post","status-publish","format-standard","has-post-thumbnail","hentry","category-formosa","entry","double"],"jetpack_featured_media_url":"https:\/\/diarioahora.com.ar\/wp-content\/uploads\/2026\/04\/r2-15.jpeg","jetpack_sharing_enabled":true,"_links":{"self":[{"href":"https:\/\/diarioahora.com.ar\/index.php\/wp-json\/wp\/v2\/posts\/33772","targetHints":{"allow":["GET"]}}],"collection":[{"href":"https:\/\/diarioahora.com.ar\/index.php\/wp-json\/wp\/v2\/posts"}],"about":[{"href":"https:\/\/diarioahora.com.ar\/index.php\/wp-json\/wp\/v2\/types\/post"}],"author":[{"embeddable":true,"href":"https:\/\/diarioahora.com.ar\/index.php\/wp-json\/wp\/v2\/users\/1"}],"replies":[{"embeddable":true,"href":"https:\/\/diarioahora.com.ar\/index.php\/wp-json\/wp\/v2\/comments?post=33772"}],"version-history":[{"count":1,"href":"https:\/\/diarioahora.com.ar\/index.php\/wp-json\/wp\/v2\/posts\/33772\/revisions"}],"predecessor-version":[{"id":33774,"href":"https:\/\/diarioahora.com.ar\/index.php\/wp-json\/wp\/v2\/posts\/33772\/revisions\/33774"}],"wp:featuredmedia":[{"embeddable":true,"href":"https:\/\/diarioahora.com.ar\/index.php\/wp-json\/wp\/v2\/media\/33773"}],"wp:attachment":[{"href":"https:\/\/diarioahora.com.ar\/index.php\/wp-json\/wp\/v2\/media?parent=33772"}],"wp:term":[{"taxonomy":"category","embeddable":true,"href":"https:\/\/diarioahora.com.ar\/index.php\/wp-json\/wp\/v2\/categories?post=33772"},{"taxonomy":"post_tag","embeddable":true,"href":"https:\/\/diarioahora.com.ar\/index.php\/wp-json\/wp\/v2\/tags?post=33772"}],"curies":[{"name":"wp","href":"https:\/\/api.w.org\/{rel}","templated":true}]}}