{"id":33745,"date":"2026-04-28T16:32:29","date_gmt":"2026-04-28T16:32:29","guid":{"rendered":"https:\/\/diarioahora.com.ar\/?p=33745"},"modified":"2026-04-28T16:32:30","modified_gmt":"2026-04-28T16:32:30","slug":"el-presidente-miley-y-el-senador-paoltroni-fueron-invitados-por-la-embajada-de-estados-unidos-para-visitar-el-portaaviones-uss-nimitz-que-se-encuentra-en-el-mar-argentino","status":"publish","type":"post","link":"https:\/\/diarioahora.com.ar\/index.php\/2026\/04\/28\/el-presidente-miley-y-el-senador-paoltroni-fueron-invitados-por-la-embajada-de-estados-unidos-para-visitar-el-portaaviones-uss-nimitz-que-se-encuentra-en-el-mar-argentino\/","title":{"rendered":"El presidente Miley y el senador Paoltroni fueron invitados por la embajada de Estados Unidos para visitar el portaaviones USS Nimitz que se encuentra en el mar argentino"},"content":{"rendered":"\n<p>El embajador de Estados Unidos en Argentina, Peter Lamelas, extendi\u00f3 una invitaci\u00f3n al presidente Javier Milei y al senador por Formosa, Francisco Paoltroni, para realizar una visita oficial al portaaviones USS <em>Nimitz<\/em>, actualmente desplegado en aguas argentinas. La actividad est\u00e1 prevista para el pr\u00f3ximo jueves y constituye un nuevo gesto de alineamiento absoluto entre las administraciones de Buenos Aires y Washington.<\/p>\n\n\n\n<p>Si bien Milei y Paoltroni son considerados invitados especiales de la embajada norteamericana, no se descarta la presencia de otros funcionarios nacionales durante la recorrida. El USS <em>Nimitz<\/em> es uno de los portaaviones m\u00e1s grandes y emblem\u00e1ticos de la Armada estadounidense, y su llegada al Atl\u00e1ntico Sur se enmarca en un programa de ejercicios conjuntos con la Armada Argentina.<\/p>\n\n\n\n<p>La visita, adem\u00e1s de su car\u00e1cter protocolar, refuerza la cooperaci\u00f3n militar y diplom\u00e1tica entre ambos pa\u00edses, en un contexto de creciente acercamiento pol\u00edtico y estrat\u00e9gico.<\/p>\n","protected":false},"excerpt":{"rendered":"<p>El embajador de Estados Unidos en Argentina, Peter Lamelas, extendi\u00f3 una invitaci\u00f3n al presidente Javier Milei y al senador por Formosa, Francisco Paoltroni, para realizar&#8230;<\/p>\n","protected":false},"author":1,"featured_media":33746,"comment_status":"closed","ping_status":"closed","sticky":false,"template":"","format":"standard","meta":{"_jetpack_memberships_contains_paid_content":false,"footnotes":""},"categories":[4],"tags":[],"class_list":["post-33745","post","type-post","status-publish","format-standard","has-post-thumbnail","hentry","category-formosa","entry","double"],"jetpack_featured_media_url":"https:\/\/diarioahora.com.ar\/wp-content\/uploads\/2026\/04\/r2-2026-04-28T133202.102.jpg","jetpack_sharing_enabled":true,"_links":{"self":[{"href":"https:\/\/diarioahora.com.ar\/index.php\/wp-json\/wp\/v2\/posts\/33745","targetHints":{"allow":["GET"]}}],"collection":[{"href":"https:\/\/diarioahora.com.ar\/index.php\/wp-json\/wp\/v2\/posts"}],"about":[{"href":"https:\/\/diarioahora.com.ar\/index.php\/wp-json\/wp\/v2\/types\/post"}],"author":[{"embeddable":true,"href":"https:\/\/diarioahora.com.ar\/index.php\/wp-json\/wp\/v2\/users\/1"}],"replies":[{"embeddable":true,"href":"https:\/\/diarioahora.com.ar\/index.php\/wp-json\/wp\/v2\/comments?post=33745"}],"version-history":[{"count":1,"href":"https:\/\/diarioahora.com.ar\/index.php\/wp-json\/wp\/v2\/posts\/33745\/revisions"}],"predecessor-version":[{"id":33747,"href":"https:\/\/diarioahora.com.ar\/index.php\/wp-json\/wp\/v2\/posts\/33745\/revisions\/33747"}],"wp:featuredmedia":[{"embeddable":true,"href":"https:\/\/diarioahora.com.ar\/index.php\/wp-json\/wp\/v2\/media\/33746"}],"wp:attachment":[{"href":"https:\/\/diarioahora.com.ar\/index.php\/wp-json\/wp\/v2\/media?parent=33745"}],"wp:term":[{"taxonomy":"category","embeddable":true,"href":"https:\/\/diarioahora.com.ar\/index.php\/wp-json\/wp\/v2\/categories?post=33745"},{"taxonomy":"post_tag","embeddable":true,"href":"https:\/\/diarioahora.com.ar\/index.php\/wp-json\/wp\/v2\/tags?post=33745"}],"curies":[{"name":"wp","href":"https:\/\/api.w.org\/{rel}","templated":true}]}}