{"id":33742,"date":"2026-04-28T13:16:10","date_gmt":"2026-04-28T13:16:10","guid":{"rendered":"https:\/\/diarioahora.com.ar\/?p=33742"},"modified":"2026-04-28T13:16:12","modified_gmt":"2026-04-28T13:16:12","slug":"la-joven-sofia-munoz-de-la-ciudad-de-concepcion-del-uruguay-representara-a-entre-rios-en-la-final-de-reina-argentina","status":"publish","type":"post","link":"https:\/\/diarioahora.com.ar\/index.php\/2026\/04\/28\/la-joven-sofia-munoz-de-la-ciudad-de-concepcion-del-uruguay-representara-a-entre-rios-en-la-final-de-reina-argentina\/","title":{"rendered":"La joven Sof\u00eda Mu\u00f1oz de la ciudad de Concepci\u00f3n del Uruguay representar\u00e1 a Entre R\u00edos en la final de Reina Argentina"},"content":{"rendered":"\n<p><strong>En abril, la ciudad de Concepci\u00f3n del Uruguay recibi\u00f3 una nueva edici\u00f3n del certamen Miss Universo Entre R\u00edos y Reinas Argentinas, una instancia que articula formaci\u00f3n, compromiso social y proyecci\u00f3n cultural. En ese marco,\u00a0Sof\u00eda Mu\u00f1oz\u00a0fue distinguida con el t\u00edtulo de Miss Reina Argentina Entre R\u00edos.<\/strong><\/p>\n\n\n\n<h2 class=\"wp-block-heading\" id=\"p-1777314360541-90302\">Sof\u00eda Mu\u00f1oz representar\u00e1 a Entre R\u00edos en la final de Reina Argentina<\/h2>\n\n\n\n<p id=\"p-1777314359978-74295\">Durante tres jornadas \u2014del 10 al 12\u2014, participantes de distintos puntos de la provincia atravesaron evaluaciones que contemplaron tanto la presencia esc\u00e9nica como el rol activo en sus comunidades. En ese marco, Sof\u00eda Mu\u00f1oz fue distinguida con el t\u00edtulo de Miss Reina Argentina Entre R\u00edos, un reconocimiento que la posiciona de cara a la final nacional prevista para noviembre en la Ciudad Aut\u00f3noma de Buenos Aires.<\/p>\n\n\n\n<h2 class=\"wp-block-heading\" id=\"p-1777314070870-4632\">Un sue\u00f1o hecho realidad<\/h2>\n\n\n\n<p id=\"p-1777314070870-13500\">Con 18 a\u00f1os y oriunda de Paran\u00e1, la joven inici\u00f3 una etapa de preparaci\u00f3n que combina formaci\u00f3n, agenda institucional y vinculaci\u00f3n con iniciativas sociales. En di\u00e1logo con&nbsp;<strong>UNO<\/strong>, describi\u00f3 un proceso atravesado por la expectativa, la disciplina y la decisi\u00f3n de sostener una identidad propia en cada instancia.<\/p>\n\n\n\n<p id=\"p-1777314070870-21827\">\u201cEl proceso fue muy lindo, muy ordenado. Me present\u00e9 con la idea de ser aut\u00e9ntica, de sostener lo que soy en cada momento. No hice ni dije nada que no sintiera. Creo que eso influy\u00f3 en el resultado\u201d, indic\u00f3. La preparaci\u00f3n previa incluy\u00f3 jornadas extensas y organizaci\u00f3n personal para cumplir con cada etapa del certamen, pero tambi\u00e9n un trabajo interno ligado a la seguridad y a la coherencia entre discurso e imagen.<\/p>\n\n\n\n<p id=\"p-1777314070870-81691\">El viaje desde Paran\u00e1 a Concepci\u00f3n del Uruguay marc\u00f3 el inicio de una experiencia que la participante define como transformadora. \u201cFue un viaje hermoso, pero con muchos nervios. Llevaba el vestido colgado y lo miraba todo el tiempo. Hab\u00eda mucha ilusi\u00f3n. Sent\u00eda que, m\u00e1s all\u00e1 del resultado, era una experiencia que iba a dejar algo importante\u201d, relat\u00f3. Esa combinaci\u00f3n de ansiedad y expectativa se mantuvo durante las jornadas del certamen, que comenzaron temprano y se extendieron hasta la noche.<\/p>\n\n\n\n<p id=\"p-1777314070870-57525\">La instancia principal se desarroll\u00f3 durante varias horas y exigi\u00f3 preparaci\u00f3n desde la ma\u00f1ana. \u201cTuvimos que estar listas desde temprano. Fue un d\u00eda largo, con muchas emociones. Hab\u00eda momentos de calma y otros de mucha tensi\u00f3n\u201d, record\u00f3. En ese contexto, la evaluaci\u00f3n incluy\u00f3 pasadas en pasarela, instancias de exposici\u00f3n y momentos de interacci\u00f3n con el jurado, donde la claridad en el mensaje y la capacidad de sostener una postura resultaron determinantes.<\/p>\n\n\n\n<p id=\"p-1777314070870-76417\">El t\u00edtulo obtenido abre ahora un camino de representaci\u00f3n provincial que implica asumir nuevas responsabilidades. \u201cEs un orgullo poder llevar a Entre R\u00edos y mostrarla. Voy a hacer todo lo posible para representarla de la mejor manera\u201d, expres\u00f3. La instancia nacional reunir\u00e1 a representantes de distintas provincias en un certamen que no solo eval\u00faa la imagen, sino tambi\u00e9n la formaci\u00f3n integral, el compromiso social y la capacidad de comunicaci\u00f3n.<\/p>\n\n\n\n<p id=\"p-1777314070870-64177\">En ese marco, Mu\u00f1oz comenz\u00f3 a delinear una agenda de trabajo que incluye la participaci\u00f3n en actividades culturales, acciones institucionales y el desarrollo de proyectos con impacto comunitario. \u201cMe interesa mucho lo social y tambi\u00e9n la comunicaci\u00f3n. Estoy pensando en un proyecto que tenga que ver con eso, algo que pueda aportar y al mismo tiempo aprender\u201d, explic\u00f3. La intenci\u00f3n de vincularse con organizaciones y espacios de trabajo territorial aparece como una de las l\u00edneas a consolidar durante los pr\u00f3ximos meses.<\/p>\n\n\n\n<p id=\"p-1777314070870-74629\">El inter\u00e9s por la historia de la provincia forma parte de ese proceso. \u201cSiento que conocer de d\u00f3nde uno viene es importante. La historia de Entre R\u00edos es algo que me interesa y que quiero seguir aprendiendo\u201d, se\u00f1al\u00f3. Esa b\u00fasqueda se integra a una preparaci\u00f3n que no se limita a lo t\u00e9cnico, sino que apunta a construir una representaci\u00f3n con contenido.<\/p>\n\n\n\n<p id=\"p-1777314070870-5764\">De cara a la final nacional, la joven transita una etapa de formaci\u00f3n que abarca distintos aspectos. La capacitaci\u00f3n en oratoria, el entrenamiento en pasarela y el trabajo sobre la comunicaci\u00f3n integral forman parte de la rutina actual. \u201cUna cosa es hablar y otra es saber transmitir. Quiero poder comunicar desde distintos lugares, no solo con la palabra, tambi\u00e9n con la presencia\u201d, sostuvo. En ese sentido, la preparaci\u00f3n incluye tambi\u00e9n el cuidado de la imagen, la elecci\u00f3n de vestuario y la b\u00fasqueda de acompa\u00f1amiento profesional.<\/p>\n\n\n\n<p id=\"p-1777314070870-57824\">La organizaci\u00f3n personal se vuelve un elemento central en este per\u00edodo. A las actividades vinculadas al certamen se suman compromisos educativos y familiares, lo que exige una planificaci\u00f3n sostenida. \u201cEs un proceso que requiere tiempo y dedicaci\u00f3n, pero lo estoy disfrutando. Todav\u00eda no aparece la ansiedad por la final, estoy enfocada en cada paso\u201d, indic\u00f3.<\/p>\n\n\n\n<h2 class=\"wp-block-heading\" id=\"p-1777314070870-3854\">Ra\u00edces entrerrianas<\/h2>\n\n\n\n<p id=\"p-1777314070870-96636\">En relaci\u00f3n con la identidad cultural, Mu\u00f1oz plante\u00f3 una mirada centrada en lo cotidiano. \u201cBusco representar desde lo aut\u00e9ntico, desde lo que somos. Las costumbres, los encuentros familiares, lo simple. En mi caso, los domingos en familia, compartir un asado. Mostrar eso tal cual es\u201d, explic\u00f3. Esa construcci\u00f3n se apoya tambi\u00e9n en el modo de hablar, en los gestos y en las formas que identifican a la provincia dentro del pa\u00eds.<\/p>\n\n\n\n<p id=\"p-1777314070870-8065\">El recorrido hacia noviembre se presenta como una instancia de aprendizaje continuo. La experiencia del certamen provincial dej\u00f3, seg\u00fan indic\u00f3, herramientas que ahora se profundizan en una escala mayor. \u201cEs una oportunidad para crecer, para conocer otras realidades y para seguir form\u00e1ndome\u201d, afirm\u00f3.<\/p>\n\n\n\n<p id=\"p-1777314070870-55561\">En ese contexto, la participaci\u00f3n en el certamen se proyecta m\u00e1s all\u00e1 de la competencia. La posibilidad de representar a Entre R\u00edos en un escenario nacional se vincula con la construcci\u00f3n de una voz propia y con la intenci\u00f3n de visibilizar aspectos culturales y sociales de la provincia. La preparaci\u00f3n avanza con ese objetivo como eje, en un proceso que combina disciplina, exposici\u00f3n y aprendizaje.<\/p>\n\n\n\n<h2 class=\"wp-block-heading\" id=\"p-1777314070870-31170\">Formaci\u00f3n y proyecci\u00f3n<\/h2>\n\n\n\n<p id=\"p-1777314070870-8159\">El certamen Miss Universo Entre R\u00edos y Reinas Argentinas se consolid\u00f3 en los \u00faltimos a\u00f1os como una instancia que excede la competencia tradicional y propone un recorrido formativo para sus participantes. A lo largo de sus distintas ediciones, el proceso incorpor\u00f3 evaluaciones vinculadas a la oratoria, la comunicaci\u00f3n, el conocimiento del territorio y la participaci\u00f3n en iniciativas sociales, en l\u00ednea con una mirada que prioriza la preparaci\u00f3n integral.<\/p>\n\n\n\n<p id=\"p-1777314070870-89686\">La importancia del certamen radica en su car\u00e1cter de plataforma de proyecci\u00f3n. Las representantes provinciales acceden a una red de experiencias que incluyen actividades institucionales, acciones culturales y participaci\u00f3n en campa\u00f1as de inter\u00e9s comunitario. En ese marco, la visibilidad que otorga el t\u00edtulo se articula con la posibilidad de construir un perfil p\u00fablico con eje en la responsabilidad social y la identidad local.<\/p>\n\n\n\n<p id=\"p-1777314070870-20086\">En t\u00e9rminos de trayectoria, el certamen se vincula con circuitos nacionales que re\u00fanen a representantes de distintas provincias en instancias finales de alcance federal. Ese recorrido permite el intercambio entre participantes de diversos contextos y la construcci\u00f3n de v\u00ednculos que trascienden la competencia.<\/p>\n\n\n\n<p>(Diario Uno).<\/p>\n","protected":false},"excerpt":{"rendered":"<p>En abril, la ciudad de Concepci\u00f3n del Uruguay recibi\u00f3 una nueva edici\u00f3n del certamen Miss Universo Entre R\u00edos y Reinas Argentinas, una instancia que articula&#8230;<\/p>\n","protected":false},"author":1,"featured_media":33743,"comment_status":"closed","ping_status":"closed","sticky":false,"template":"","format":"standard","meta":{"_jetpack_memberships_contains_paid_content":false,"footnotes":""},"categories":[7],"tags":[],"class_list":["post-33742","post","type-post","status-publish","format-standard","has-post-thumbnail","hentry","category-entre-rios","entry","double"],"jetpack_featured_media_url":"https:\/\/diarioahora.com.ar\/wp-content\/uploads\/2026\/04\/r2-51.webp","jetpack_sharing_enabled":true,"_links":{"self":[{"href":"https:\/\/diarioahora.com.ar\/index.php\/wp-json\/wp\/v2\/posts\/33742","targetHints":{"allow":["GET"]}}],"collection":[{"href":"https:\/\/diarioahora.com.ar\/index.php\/wp-json\/wp\/v2\/posts"}],"about":[{"href":"https:\/\/diarioahora.com.ar\/index.php\/wp-json\/wp\/v2\/types\/post"}],"author":[{"embeddable":true,"href":"https:\/\/diarioahora.com.ar\/index.php\/wp-json\/wp\/v2\/users\/1"}],"replies":[{"embeddable":true,"href":"https:\/\/diarioahora.com.ar\/index.php\/wp-json\/wp\/v2\/comments?post=33742"}],"version-history":[{"count":1,"href":"https:\/\/diarioahora.com.ar\/index.php\/wp-json\/wp\/v2\/posts\/33742\/revisions"}],"predecessor-version":[{"id":33744,"href":"https:\/\/diarioahora.com.ar\/index.php\/wp-json\/wp\/v2\/posts\/33742\/revisions\/33744"}],"wp:featuredmedia":[{"embeddable":true,"href":"https:\/\/diarioahora.com.ar\/index.php\/wp-json\/wp\/v2\/media\/33743"}],"wp:attachment":[{"href":"https:\/\/diarioahora.com.ar\/index.php\/wp-json\/wp\/v2\/media?parent=33742"}],"wp:term":[{"taxonomy":"category","embeddable":true,"href":"https:\/\/diarioahora.com.ar\/index.php\/wp-json\/wp\/v2\/categories?post=33742"},{"taxonomy":"post_tag","embeddable":true,"href":"https:\/\/diarioahora.com.ar\/index.php\/wp-json\/wp\/v2\/tags?post=33742"}],"curies":[{"name":"wp","href":"https:\/\/api.w.org\/{rel}","templated":true}]}}