{"id":33739,"date":"2026-04-28T13:07:39","date_gmt":"2026-04-28T13:07:39","guid":{"rendered":"https:\/\/diarioahora.com.ar\/?p=33739"},"modified":"2026-04-28T13:07:40","modified_gmt":"2026-04-28T13:07:40","slug":"la-diputada-carla-zaiser-critico-al-instituto-pedagogico-docente-de-la-provincia-y-senalo-dejen-de-adoctrinar-a-los-docentes-con-los-cursos-del-modelo-formoseno","status":"publish","type":"post","link":"https:\/\/diarioahora.com.ar\/index.php\/2026\/04\/28\/la-diputada-carla-zaiser-critico-al-instituto-pedagogico-docente-de-la-provincia-y-senalo-dejen-de-adoctrinar-a-los-docentes-con-los-cursos-del-modelo-formoseno\/","title":{"rendered":"La diputada Carla Zaiser critic\u00f3 al Instituto Pedag\u00f3gico docente de la provincia y se\u00f1al\u00f3 &#8220;Dejen de adoctrinar a los docentes con los cursos del Modelo Formose\u00f1o&#8221;"},"content":{"rendered":"\n<p>La diputada provincial de la Uni\u00f3n C\u00edvica Radical,&nbsp;<strong>Carla Zaiser<\/strong>, respondi\u00f3 con dureza el comunicado difundido por el Instituto Pedag\u00f3gico Provincial (IPP) \u201cJusticia Social\u201d, el organismo de capacitaci\u00f3n docente que conduce&nbsp;<strong>Sergio Torres<\/strong>&nbsp;y que sali\u00f3 a&nbsp;<strong>defender p\u00fablicamente al denominado \u201cModelo Formose\u00f1o\u201d<\/strong>&nbsp;en medio de la escalada pol\u00edtica del oficialismo provincial por el pedido de intervenci\u00f3n federal del senador nacional&nbsp;<strong>Francisco Paoltroni<\/strong>.<\/p>\n\n\n\n<p>El I<strong>PP public\u00f3 un documento en el que calific\u00f3 de \u201cirracionales\u201d los dichos del legislador opositor<\/strong>&nbsp;\u2014quien impulsa una intervenci\u00f3n federal a la provincia\u2014 y atribuy\u00f3 la crisis nacional a las pol\u00edticas del gobierno de Javier Milei. En ese texto, el organismo reivindic\u00f3 su rol territorial y la conducci\u00f3n del gobernador&nbsp;<strong>Gildo Insfr\u00e1n<\/strong>, a quien defini\u00f3 como garante de&nbsp;<strong>\u201clegitimidad jur\u00eddica\u201d y de una democracia \u201ccon proyecto humanista\u201d.<\/strong><\/p>\n\n\n\n<figure class=\"wp-block-image\"><a href=\"https:\/\/algoestapasando.com.ar\/wp-content\/uploads\/2026\/04\/536267820_10233462722202574_277367287218600720_n.avif\"><img decoding=\"async\" src=\"https:\/\/algoestapasando.com.ar\/wp-content\/uploads\/2026\/04\/536267820_10233462722202574_277367287218600720_n.avif\" alt=\"\" class=\"wp-image-10374\"\/><\/a><figcaption class=\"wp-element-caption\">Sergio Torres, Director del IPP con la diputada Yanina Insfr\u00e1n.<\/figcaption><\/figure>\n\n\n\n<p>Fue precisamente ese tono pol\u00edtico el que encendi\u00f3 la respuesta de Zaiser.&nbsp;<strong>\u201cEl pueblo tambi\u00e9n exige que dejen de dar cursos del \u2018Modelo Formose\u00f1o\u2019 y se dediquen a brindar herramientas a los docentes para la complejidad de situaciones que hoy tienen que enfrentar y no tienen respuesta del Estado\u201d<\/strong>, dispar\u00f3 la legisladora en sus redes sociales.<\/p>\n\n\n\n<p>La cr\u00edtica de la diputada apunta al coraz\u00f3n de la funci\u00f3n del IPP: un instituto de capacitaci\u00f3n d<strong>ocente financiado con fondos p\u00fablicos que, seg\u00fan la oposici\u00f3n, destina tiempo y recursos a la formaci\u00f3n ideol\u00f3gica<\/strong>&nbsp;en lugar de atender las urgencias pedag\u00f3gicas concretas que enfrentan los maestros y profesores formose\u00f1os en el d\u00eda a d\u00eda del aula.<\/p>\n\n\n\n<p>(Fuente: Algo Est\u00e1 Pasando).<\/p>\n\n\n\n<p><\/p>\n","protected":false},"excerpt":{"rendered":"<p>La diputada provincial de la Uni\u00f3n C\u00edvica Radical,&nbsp;Carla Zaiser, respondi\u00f3 con dureza el comunicado difundido por el Instituto Pedag\u00f3gico Provincial (IPP) \u201cJusticia Social\u201d, el organismo&#8230;<\/p>\n","protected":false},"author":1,"featured_media":33740,"comment_status":"closed","ping_status":"closed","sticky":false,"template":"","format":"standard","meta":{"_jetpack_memberships_contains_paid_content":false,"footnotes":""},"categories":[4],"tags":[],"class_list":["post-33739","post","type-post","status-publish","format-standard","has-post-thumbnail","hentry","category-formosa","entry","double"],"jetpack_featured_media_url":"https:\/\/diarioahora.com.ar\/wp-content\/uploads\/2026\/04\/r2-13.jpeg","jetpack_sharing_enabled":true,"_links":{"self":[{"href":"https:\/\/diarioahora.com.ar\/index.php\/wp-json\/wp\/v2\/posts\/33739","targetHints":{"allow":["GET"]}}],"collection":[{"href":"https:\/\/diarioahora.com.ar\/index.php\/wp-json\/wp\/v2\/posts"}],"about":[{"href":"https:\/\/diarioahora.com.ar\/index.php\/wp-json\/wp\/v2\/types\/post"}],"author":[{"embeddable":true,"href":"https:\/\/diarioahora.com.ar\/index.php\/wp-json\/wp\/v2\/users\/1"}],"replies":[{"embeddable":true,"href":"https:\/\/diarioahora.com.ar\/index.php\/wp-json\/wp\/v2\/comments?post=33739"}],"version-history":[{"count":1,"href":"https:\/\/diarioahora.com.ar\/index.php\/wp-json\/wp\/v2\/posts\/33739\/revisions"}],"predecessor-version":[{"id":33741,"href":"https:\/\/diarioahora.com.ar\/index.php\/wp-json\/wp\/v2\/posts\/33739\/revisions\/33741"}],"wp:featuredmedia":[{"embeddable":true,"href":"https:\/\/diarioahora.com.ar\/index.php\/wp-json\/wp\/v2\/media\/33740"}],"wp:attachment":[{"href":"https:\/\/diarioahora.com.ar\/index.php\/wp-json\/wp\/v2\/media?parent=33739"}],"wp:term":[{"taxonomy":"category","embeddable":true,"href":"https:\/\/diarioahora.com.ar\/index.php\/wp-json\/wp\/v2\/categories?post=33739"},{"taxonomy":"post_tag","embeddable":true,"href":"https:\/\/diarioahora.com.ar\/index.php\/wp-json\/wp\/v2\/tags?post=33739"}],"curies":[{"name":"wp","href":"https:\/\/api.w.org\/{rel}","templated":true}]}}