{"id":33730,"date":"2026-04-28T12:36:28","date_gmt":"2026-04-28T12:36:28","guid":{"rendered":"https:\/\/diarioahora.com.ar\/?p=33730"},"modified":"2026-04-28T12:36:29","modified_gmt":"2026-04-28T12:36:29","slug":"polemica-en-formosa-jueces-de-la-provincia-en-sintonia-con-dirigentes-del-gildismo-emitieron-un-comunicado-en-contra-la-intervencion-federal","status":"publish","type":"post","link":"https:\/\/diarioahora.com.ar\/index.php\/2026\/04\/28\/polemica-en-formosa-jueces-de-la-provincia-en-sintonia-con-dirigentes-del-gildismo-emitieron-un-comunicado-en-contra-la-intervencion-federal\/","title":{"rendered":"Pol\u00e9mica en Formosa: Jueces de la provincia en sinton\u00eda con dirigentes del gildismo emitieron un comunicado en contra la intervenci\u00f3n Federal"},"content":{"rendered":"\n<p>El Colegio de la Magistratura y la Funci\u00f3n Judicial de Formosa cuestion\u00f3 el proyecto del senador Francisco Paoltroni. En una solicitada sostuvieron que \u201cno se configuran los extremos constitucionales\u201d para intervenir la provincia. Destacaron la reforma local que incorpor\u00f3 la alternancia y defendieron el pleno funcionamiento institucional.<\/p>\n\n\n\n<p>El&nbsp;<strong>Colegio de la Magistratura y la Funci\u00f3n Judicial<\/strong>&nbsp;de la Provincia de Formosa fij\u00f3 una postura institucional frente al proyecto de&nbsp;<strong>intervenci\u00f3n federal<\/strong>&nbsp;impulsado por el senador Francisco Paoltroni, al advertir que&nbsp;<strong>la iniciativa carece de fundamentos jur\u00eddicos y representa un riesgo para el federalismo<\/strong>.<\/p>\n\n\n\n<p>En una solicitada, jueces y funcionarios judiciales calificaron a la intervenci\u00f3n federal como&nbsp;<strong>\u201cuno de los institutos m\u00e1s graves previstos por la Constituci\u00f3n Nacional\u201d,<\/strong>&nbsp;al tiempo que remarcaron que su aplicaci\u00f3n debe ser \u201cde car\u00e1cter excepcional y con criterio restrictivo\u201d, limitada estrictamente a los supuestos del art\u00edculo 6.<\/p>\n\n\n\n<p>\u201cEl respeto por la Constituci\u00f3n Nacional, el fortalecimiento del federalismo y la vigencia del Estado de Derecho imponen rechazar toda iniciativa que,&nbsp;<strong>sin fundamento jur\u00eddico suficiente, pretenda alterar el normal funcionamiento de las instituciones provinciales<\/strong>\u201d, sostuvieron.<\/p>\n\n\n\n<p>Uno de los puntos centrales del pronunciamiento es la defensa del proceso institucional local. En ese sentido, subrayaron: \u201cLa Provincia de Formosa ha llevado adelante, en&nbsp;<strong>ejercicio pleno de su autonom\u00eda, una reforma constitucional que elimin\u00f3 la reelecci\u00f3n indefinida,<\/strong>&nbsp;adecuando su ordenamiento a los principios de periodicidad y alternancia propios del sistema republicano\u201d.<\/p>\n\n\n\n<p>Adem\u00e1s, enfatizaron que dicha modificaci\u00f3n se produjo&nbsp;<strong>\u201cincluso con anterioridad al pronunciamiento de la Corte Suprema de Justicia de la Naci\u00f3n\u201d,<\/strong>&nbsp;lo que \u2014seg\u00fan se\u00f1alaron\u2014 demuestra \u201cla capacidad del sistema institucional provincial de resolver por s\u00ed mismo y&nbsp;<strong>perfeccionar sus propias normas dentro del marco democr\u00e1tico<\/strong>\u201d.<\/p>\n\n\n\n<p>Sobre ese punto, remarcaron otro textual clave del documento: \u201cDicha reforma evidencia de manera clara<strong>&nbsp;la vigencia de los mecanismos republicanos, incorporando reglas que garantizan la alternancia en el ejercicio del poder<\/strong>, en l\u00ednea con los est\u00e1ndares constitucionales\u201d.<\/p>\n\n\n\n<p>En cuanto al planteo de intervenci\u00f3n, fueron categ\u00f3ricos: \u201cNo se advierte la configuraci\u00f3n de los extremos exigidos por el art\u00edculo 6 de la Constituci\u00f3n Nacional\u201d. Y agregaron: \u201c<strong>No se verifica una situaci\u00f3n de alteraci\u00f3n del orden republicano, ni la imposibilidad de funcionamiento de los poderes p\u00fablicos<\/strong>\u201d.<\/p>\n\n\n\n<p>Por el contrario, aseguraron que \u201c<strong>las instituciones provinciales se encuentran en pleno funcionamiento,&nbsp;<\/strong>con el ejercicio efectivo de los mecanismos democr\u00e1ticos que garantizan la participaci\u00f3n y el control ciudadano\u201d.<\/p>\n\n\n\n<p>Tambi\u00e9n alertaron sobre las consecuencias de avanzar con una medida de este tipo: \u201c<strong>La promoci\u00f3n de la intervenci\u00f3n federal en este contexto no s\u00f3lo carece de sustento jur\u00eddico suficiente<\/strong>, sino que adem\u00e1s importa un riesgo institucional significativo\u201d.<\/p>\n\n\n\n<p>En otro tramo, el documento subraya el valor del federalismo: \u201cEl federalismo, como forma de organizaci\u00f3n del Estado,&nbsp;<strong>exige el respeto irrestricto a la autonom\u00eda de las provincias.&nbsp;<\/strong>Su debilitamiento implica directamente el menoscabo del sistema republicano\u201d.<\/p>\n\n\n\n<p>Finalmente, remarcaron que la intervenci\u00f3n \u201c<strong>se encuentra estrictamente condicionada a situaciones extremas que, en el caso de la Provincia de Formosa<\/strong>, no se encuentran configuradas\u201d.<\/p>\n\n\n\n<figure class=\"wp-block-image\"><a href=\"https:\/\/algoestapasando.com.ar\/wp-content\/uploads\/2026\/04\/vivitabo2022_1777372748_3885206678518482350_5708766528_2-1.avif\"><img decoding=\"async\" src=\"https:\/\/algoestapasando.com.ar\/wp-content\/uploads\/2026\/04\/vivitabo2022_1777372748_3885206678518482350_5708766528_2-1-1024x824.avif\" alt=\"\" class=\"wp-image-10392\"\/><\/a><\/figure>\n\n\n\n<p>El pronunciamiento lleva la firma de las nuevas autoridades del Colegio de la Magistratura y la Funci\u00f3n Judicial de Formosa: la presidenta&nbsp;<strong>Mar\u00eda Viviana Taboada<\/strong>; la vicepresidenta&nbsp;<strong>Laura Romero<\/strong>; y los vocales titulares&nbsp;<strong>Horacio Roglan Aguayo<\/strong>, Gladis Zunilda Gaona, V\u00edctor R. Portales, Sergio Ca\u00f1ete y&nbsp;<strong>Natalia Tafetani<\/strong>. Como vocales suplentes figuran Mariela Isabel Portales y Gabriela Plazas.<\/p>\n\n\n\n<p>(Fuente: Algo Est\u00e1 Pasando).<\/p>\n","protected":false},"excerpt":{"rendered":"<p>El Colegio de la Magistratura y la Funci\u00f3n Judicial de Formosa cuestion\u00f3 el proyecto del senador Francisco Paoltroni. En una solicitada sostuvieron que \u201cno se&#8230;<\/p>\n","protected":false},"author":1,"featured_media":33731,"comment_status":"closed","ping_status":"closed","sticky":false,"template":"","format":"standard","meta":{"_jetpack_memberships_contains_paid_content":false,"footnotes":""},"categories":[4],"tags":[],"class_list":["post-33730","post","type-post","status-publish","format-standard","has-post-thumbnail","hentry","category-formosa","entry","double"],"jetpack_featured_media_url":"https:\/\/diarioahora.com.ar\/wp-content\/uploads\/2026\/04\/r2-16.png","jetpack_sharing_enabled":true,"_links":{"self":[{"href":"https:\/\/diarioahora.com.ar\/index.php\/wp-json\/wp\/v2\/posts\/33730","targetHints":{"allow":["GET"]}}],"collection":[{"href":"https:\/\/diarioahora.com.ar\/index.php\/wp-json\/wp\/v2\/posts"}],"about":[{"href":"https:\/\/diarioahora.com.ar\/index.php\/wp-json\/wp\/v2\/types\/post"}],"author":[{"embeddable":true,"href":"https:\/\/diarioahora.com.ar\/index.php\/wp-json\/wp\/v2\/users\/1"}],"replies":[{"embeddable":true,"href":"https:\/\/diarioahora.com.ar\/index.php\/wp-json\/wp\/v2\/comments?post=33730"}],"version-history":[{"count":1,"href":"https:\/\/diarioahora.com.ar\/index.php\/wp-json\/wp\/v2\/posts\/33730\/revisions"}],"predecessor-version":[{"id":33732,"href":"https:\/\/diarioahora.com.ar\/index.php\/wp-json\/wp\/v2\/posts\/33730\/revisions\/33732"}],"wp:featuredmedia":[{"embeddable":true,"href":"https:\/\/diarioahora.com.ar\/index.php\/wp-json\/wp\/v2\/media\/33731"}],"wp:attachment":[{"href":"https:\/\/diarioahora.com.ar\/index.php\/wp-json\/wp\/v2\/media?parent=33730"}],"wp:term":[{"taxonomy":"category","embeddable":true,"href":"https:\/\/diarioahora.com.ar\/index.php\/wp-json\/wp\/v2\/categories?post=33730"},{"taxonomy":"post_tag","embeddable":true,"href":"https:\/\/diarioahora.com.ar\/index.php\/wp-json\/wp\/v2\/tags?post=33730"}],"curies":[{"name":"wp","href":"https:\/\/api.w.org\/{rel}","templated":true}]}}