{"id":33727,"date":"2026-04-28T12:28:53","date_gmt":"2026-04-28T12:28:53","guid":{"rendered":"https:\/\/diarioahora.com.ar\/?p=33727"},"modified":"2026-04-28T12:28:54","modified_gmt":"2026-04-28T12:28:54","slug":"un-hombre-de-50-anos-fue-asesinado-a-tiros-por-otro-porque-no-le-queria-pagar-una-deuda-que-tenia-el-fallecido","status":"publish","type":"post","link":"https:\/\/diarioahora.com.ar\/index.php\/2026\/04\/28\/un-hombre-de-50-anos-fue-asesinado-a-tiros-por-otro-porque-no-le-queria-pagar-una-deuda-que-tenia-el-fallecido\/","title":{"rendered":"Un hombre de 50 a\u00f1os fue asesinado a tiros por otro porque no le quer\u00eda pagar una deuda que ten\u00eda el fallecido"},"content":{"rendered":"\n<p>Un violento episodio termin\u00f3 en tragedia este lunes por la tarde en San Pedro, donde un hombre de 50 a\u00f1os fue asesinado a tiros luego de una discusi\u00f3n dentro de una vivienda del barrio 29 de Junio.<\/p>\n\n\n\n<p>La v\u00edctima, identificada como Daniel Kaiser, alias \u201cNegro\u201d, fue hallada con m\u00faltiples heridas de arma de fuego cerca de las 16:00 horas, cuando efectivos de la Comisar\u00eda Seccional Primera acudieron al lugar tras un llamado de emergencia.<\/p>\n\n\n\n<p>Seg\u00fan las primeras reconstrucciones, el conflicto se habr\u00eda originado por una presunta deuda entre la v\u00edctima y el agresor. En medio de la discusi\u00f3n, la situaci\u00f3n escal\u00f3 r\u00e1pidamente hasta el ataque armado.<\/p>\n\n\n\n<p>Kaiser fue trasladado de urgencia por personal policial y Bomberos Voluntarios al hospital local, pero pese a los esfuerzos m\u00e9dicos, falleci\u00f3 poco despu\u00e9s a causa de las lesiones sufridas.<\/p>\n\n\n\n<p>En el marco de la investigaci\u00f3n, la Polic\u00eda secuestr\u00f3 una pistola calibre 9 mil\u00edmetros y detuvo a un hombre de 46 a\u00f1os, identificado como Andr\u00e9s W., se\u00f1alado como el presunto autor del hecho.<\/p>\n\n\n\n<p>La causa qued\u00f3 en manos de la Justicia, que contin\u00faa con las actuaciones para esclarecer completamente lo ocurrido y determinar las responsabilidades.<\/p>\n\n\n\n<p>(Misiones Cuatro).<\/p>\n","protected":false},"excerpt":{"rendered":"<p>Un violento episodio termin\u00f3 en tragedia este lunes por la tarde en San Pedro, donde un hombre de 50 a\u00f1os fue asesinado a tiros luego&#8230;<\/p>\n","protected":false},"author":1,"featured_media":33728,"comment_status":"closed","ping_status":"closed","sticky":false,"template":"","format":"standard","meta":{"_jetpack_memberships_contains_paid_content":false,"footnotes":""},"categories":[6],"tags":[],"class_list":["post-33727","post","type-post","status-publish","format-standard","has-post-thumbnail","hentry","category-misiones","entry","double"],"jetpack_featured_media_url":"https:\/\/diarioahora.com.ar\/wp-content\/uploads\/2026\/04\/r2-53.jpg","jetpack_sharing_enabled":true,"_links":{"self":[{"href":"https:\/\/diarioahora.com.ar\/index.php\/wp-json\/wp\/v2\/posts\/33727","targetHints":{"allow":["GET"]}}],"collection":[{"href":"https:\/\/diarioahora.com.ar\/index.php\/wp-json\/wp\/v2\/posts"}],"about":[{"href":"https:\/\/diarioahora.com.ar\/index.php\/wp-json\/wp\/v2\/types\/post"}],"author":[{"embeddable":true,"href":"https:\/\/diarioahora.com.ar\/index.php\/wp-json\/wp\/v2\/users\/1"}],"replies":[{"embeddable":true,"href":"https:\/\/diarioahora.com.ar\/index.php\/wp-json\/wp\/v2\/comments?post=33727"}],"version-history":[{"count":1,"href":"https:\/\/diarioahora.com.ar\/index.php\/wp-json\/wp\/v2\/posts\/33727\/revisions"}],"predecessor-version":[{"id":33729,"href":"https:\/\/diarioahora.com.ar\/index.php\/wp-json\/wp\/v2\/posts\/33727\/revisions\/33729"}],"wp:featuredmedia":[{"embeddable":true,"href":"https:\/\/diarioahora.com.ar\/index.php\/wp-json\/wp\/v2\/media\/33728"}],"wp:attachment":[{"href":"https:\/\/diarioahora.com.ar\/index.php\/wp-json\/wp\/v2\/media?parent=33727"}],"wp:term":[{"taxonomy":"category","embeddable":true,"href":"https:\/\/diarioahora.com.ar\/index.php\/wp-json\/wp\/v2\/categories?post=33727"},{"taxonomy":"post_tag","embeddable":true,"href":"https:\/\/diarioahora.com.ar\/index.php\/wp-json\/wp\/v2\/tags?post=33727"}],"curies":[{"name":"wp","href":"https:\/\/api.w.org\/{rel}","templated":true}]}}