{"id":33720,"date":"2026-04-28T01:18:14","date_gmt":"2026-04-28T01:18:14","guid":{"rendered":"https:\/\/diarioahora.com.ar\/?p=33720"},"modified":"2026-04-28T01:21:43","modified_gmt":"2026-04-28T01:21:43","slug":"diputados-nacionales-de-la-provincia-de-corrientes-apoyaran-el-proyecto-de-paoltroni-en-el-congreso-para-intervenir-formosa","status":"publish","type":"post","link":"https:\/\/diarioahora.com.ar\/index.php\/2026\/04\/28\/diputados-nacionales-de-la-provincia-de-corrientes-apoyaran-el-proyecto-de-paoltroni-en-el-congreso-para-intervenir-formosa\/","title":{"rendered":"Diputados nacionales de la provincia de Corrientes apoyar\u00e1n el proyecto de Paoltroni en el Congreso para intervenir Formosa"},"content":{"rendered":"\n<p>Tras la presentaci\u00f3n oficial realizada el jueves pasado por el senador formose\u00f1o Francisco Paoltroni en el Congreso de la Naci\u00f3n, el debate sobre la intervenci\u00f3n federal de la provincia de Formosa comienza a tomar fuerza en distintos bloques legislativos. El proyecto de ley, que busca poner fin a lo que sus impulsores consideran un r\u00e9gimen de m\u00e1s de tres d\u00e9cadas, ya cosecha apoyos en la C\u00e1mara de Diputados.<\/p>\n\n\n\n<p>El diputado nacional de La Libertad Avanza, Lisandro Almir\u00f3n, confirm\u00f3 que junto a su par Virginia Gallardo acompa\u00f1ar\u00e1n la iniciativa de Paoltroni. \u201cLos argentinos de bien debemos contribuir para terminar con treinta a\u00f1os de comunismo en Formosa\u201d, expres\u00f3 Almir\u00f3n, en una declaraci\u00f3n que marca la postura de su espacio pol\u00edtico.<\/p>\n\n\n\n<figure class=\"wp-block-image size-full\"><img fetchpriority=\"high\" decoding=\"async\" width=\"680\" height=\"510\" src=\"https:\/\/diarioahora.com.ar\/wp-content\/uploads\/2026\/04\/r2-52.jpg\" alt=\"\" class=\"wp-image-33723\" srcset=\"https:\/\/diarioahora.com.ar\/wp-content\/uploads\/2026\/04\/r2-52.jpg 680w, https:\/\/diarioahora.com.ar\/wp-content\/uploads\/2026\/04\/r2-52-300x225.jpg 300w\" sizes=\"(max-width: 680px) 100vw, 680px\" \/><figcaption class=\"wp-element-caption\">Diputado nacionales de LLA de Corrientes &#8211; Lisandro Almir\u00f3n y Virginia Gallardo<\/figcaption><\/figure>\n\n\n\n<p>Por su parte, desde el sector del oficialismo correntino que responde al gobernador Juan Pablo Vald\u00e9s, con representaci\u00f3n de tres diputados nacionales en la alianza Vamos Corrientes \/ Alianza ECO + Vamos Corrientes, tambi\u00e9n se manifestaron a favor de la intervenci\u00f3n federal, seg\u00fan fuentes extraoficiales.<\/p>\n\n\n\n<p>De acuerdo con estimaciones parlamentarias, el debate en comisiones se extender\u00e1 durante los pr\u00f3ximos meses, y se prev\u00e9 que las votaciones en ambas c\u00e1maras del Congreso se realicen entre fines de octubre y noviembre. El resultado de esas discusiones ser\u00e1 determinante para definir si finalmente se avanza con la intervenci\u00f3n en la provincia de Formosa.<\/p>\n","protected":false},"excerpt":{"rendered":"<p>Tras la presentaci\u00f3n oficial realizada el jueves pasado por el senador formose\u00f1o Francisco Paoltroni en el Congreso de la Naci\u00f3n, el debate sobre la intervenci\u00f3n&#8230;<\/p>\n","protected":false},"author":1,"featured_media":33721,"comment_status":"closed","ping_status":"closed","sticky":false,"template":"","format":"standard","meta":{"_jetpack_memberships_contains_paid_content":false,"footnotes":""},"categories":[4],"tags":[],"class_list":["post-33720","post","type-post","status-publish","format-standard","has-post-thumbnail","hentry","category-formosa","entry","double"],"jetpack_featured_media_url":"https:\/\/diarioahora.com.ar\/wp-content\/uploads\/2026\/04\/r2-2026-04-27T221746.498.jpg","jetpack_sharing_enabled":true,"_links":{"self":[{"href":"https:\/\/diarioahora.com.ar\/index.php\/wp-json\/wp\/v2\/posts\/33720","targetHints":{"allow":["GET"]}}],"collection":[{"href":"https:\/\/diarioahora.com.ar\/index.php\/wp-json\/wp\/v2\/posts"}],"about":[{"href":"https:\/\/diarioahora.com.ar\/index.php\/wp-json\/wp\/v2\/types\/post"}],"author":[{"embeddable":true,"href":"https:\/\/diarioahora.com.ar\/index.php\/wp-json\/wp\/v2\/users\/1"}],"replies":[{"embeddable":true,"href":"https:\/\/diarioahora.com.ar\/index.php\/wp-json\/wp\/v2\/comments?post=33720"}],"version-history":[{"count":3,"href":"https:\/\/diarioahora.com.ar\/index.php\/wp-json\/wp\/v2\/posts\/33720\/revisions"}],"predecessor-version":[{"id":33726,"href":"https:\/\/diarioahora.com.ar\/index.php\/wp-json\/wp\/v2\/posts\/33720\/revisions\/33726"}],"wp:featuredmedia":[{"embeddable":true,"href":"https:\/\/diarioahora.com.ar\/index.php\/wp-json\/wp\/v2\/media\/33721"}],"wp:attachment":[{"href":"https:\/\/diarioahora.com.ar\/index.php\/wp-json\/wp\/v2\/media?parent=33720"}],"wp:term":[{"taxonomy":"category","embeddable":true,"href":"https:\/\/diarioahora.com.ar\/index.php\/wp-json\/wp\/v2\/categories?post=33720"},{"taxonomy":"post_tag","embeddable":true,"href":"https:\/\/diarioahora.com.ar\/index.php\/wp-json\/wp\/v2\/tags?post=33720"}],"curies":[{"name":"wp","href":"https:\/\/api.w.org\/{rel}","templated":true}]}}