{"id":33717,"date":"2026-04-28T00:03:52","date_gmt":"2026-04-28T00:03:52","guid":{"rendered":"https:\/\/diarioahora.com.ar\/?p=33717"},"modified":"2026-04-28T00:03:54","modified_gmt":"2026-04-28T00:03:54","slug":"aberrante-una-nina-de-12-anos-dio-a-luz-en-el-hospital-pediatrico-tras-ser-abusada-y-su-madre-fue-detenida-por-encubrimiento-agravado","status":"publish","type":"post","link":"https:\/\/diarioahora.com.ar\/index.php\/2026\/04\/28\/aberrante-una-nina-de-12-anos-dio-a-luz-en-el-hospital-pediatrico-tras-ser-abusada-y-su-madre-fue-detenida-por-encubrimiento-agravado\/","title":{"rendered":"Aberrante: Una ni\u00f1a de 12 a\u00f1os dio a luz en el Hospital Pedi\u00e1trico tras ser abusada y su madre fue detenida por &#8220;encubrimiento agravado&#8221;"},"content":{"rendered":"\n<p><strong>Una mujer de 30 a\u00f1os fue detenida luego de que su hija de 12 diera a luz en el Hospital Pedi\u00e1trico &#8220;Doctor Avelino Castell\u00e1n&#8221;, donde hab\u00eda sido llevada inicialmente por un presunto caso de abuso.<\/strong><\/p>\n\n\n\n<p>El hecho ocurri\u00f3 este domingo, cuando<strong>&nbsp;la menor ingres\u00f3 al centro de salud y, en ese contexto, termin\u00f3 dando a luz.<\/strong>&nbsp;A partir de la intervenci\u00f3n m\u00e9dica y judicial,&nbsp;<strong>se activaron los protocolos correspondientes ante la sospecha de un delito.<\/strong><\/p>\n\n\n\n<p>En ese marco,&nbsp;<strong>el Equipo Fiscal N\u00b0 6 dispuso la aprehensi\u00f3n de la madre bajo la car\u00e1tula de &#8220;supuesto encubrimiento agravado&#8221;<\/strong>.<\/p>\n\n\n\n<p>La medida fue concretada por efectivos de la Divisi\u00f3n Polic\u00eda Sanitaria, quienes procedieron a la detenci\u00f3n de la mujer.<\/p>\n\n\n\n<p>En tanto,&nbsp;<strong>la ni\u00f1a permanece internada en el hospital, bajo asistencia m\u00e9dica y con intervenci\u00f3n de los organismos judiciales y de protecci\u00f3n correspondientes.<\/strong><\/p>\n\n\n\n<p>La investigaci\u00f3n contin\u00faa para determinar las circunstancias del caso y establecer responsabilidades.<\/p>\n\n\n\n<p>(Data Chaco).<\/p>\n","protected":false},"excerpt":{"rendered":"<p>Una mujer de 30 a\u00f1os fue detenida luego de que su hija de 12 diera a luz en el Hospital Pedi\u00e1trico &#8220;Doctor Avelino Castell\u00e1n&#8221;, donde&#8230;<\/p>\n","protected":false},"author":1,"featured_media":33718,"comment_status":"closed","ping_status":"closed","sticky":false,"template":"","format":"standard","meta":{"_jetpack_memberships_contains_paid_content":false,"footnotes":""},"categories":[3],"tags":[],"class_list":["post-33717","post","type-post","status-publish","format-standard","has-post-thumbnail","hentry","category-chaco","entry","double"],"jetpack_featured_media_url":"https:\/\/diarioahora.com.ar\/wp-content\/uploads\/2026\/04\/r2-51.jpg","jetpack_sharing_enabled":true,"_links":{"self":[{"href":"https:\/\/diarioahora.com.ar\/index.php\/wp-json\/wp\/v2\/posts\/33717","targetHints":{"allow":["GET"]}}],"collection":[{"href":"https:\/\/diarioahora.com.ar\/index.php\/wp-json\/wp\/v2\/posts"}],"about":[{"href":"https:\/\/diarioahora.com.ar\/index.php\/wp-json\/wp\/v2\/types\/post"}],"author":[{"embeddable":true,"href":"https:\/\/diarioahora.com.ar\/index.php\/wp-json\/wp\/v2\/users\/1"}],"replies":[{"embeddable":true,"href":"https:\/\/diarioahora.com.ar\/index.php\/wp-json\/wp\/v2\/comments?post=33717"}],"version-history":[{"count":1,"href":"https:\/\/diarioahora.com.ar\/index.php\/wp-json\/wp\/v2\/posts\/33717\/revisions"}],"predecessor-version":[{"id":33719,"href":"https:\/\/diarioahora.com.ar\/index.php\/wp-json\/wp\/v2\/posts\/33717\/revisions\/33719"}],"wp:featuredmedia":[{"embeddable":true,"href":"https:\/\/diarioahora.com.ar\/index.php\/wp-json\/wp\/v2\/media\/33718"}],"wp:attachment":[{"href":"https:\/\/diarioahora.com.ar\/index.php\/wp-json\/wp\/v2\/media?parent=33717"}],"wp:term":[{"taxonomy":"category","embeddable":true,"href":"https:\/\/diarioahora.com.ar\/index.php\/wp-json\/wp\/v2\/categories?post=33717"},{"taxonomy":"post_tag","embeddable":true,"href":"https:\/\/diarioahora.com.ar\/index.php\/wp-json\/wp\/v2\/tags?post=33717"}],"curies":[{"name":"wp","href":"https:\/\/api.w.org\/{rel}","templated":true}]}}