{"id":33692,"date":"2026-04-27T00:44:14","date_gmt":"2026-04-27T00:44:14","guid":{"rendered":"https:\/\/diarioahora.com.ar\/?p=33692"},"modified":"2026-04-27T00:44:16","modified_gmt":"2026-04-27T00:44:16","slug":"se-encontraron-envoltorios-con-cocaina-y-marihuana-en-el-interior-de-un-patrullero-de-la-policia-de-santa-fe","status":"publish","type":"post","link":"https:\/\/diarioahora.com.ar\/index.php\/2026\/04\/27\/se-encontraron-envoltorios-con-cocaina-y-marihuana-en-el-interior-de-un-patrullero-de-la-policia-de-santa-fe\/","title":{"rendered":"Se encontraron envoltorios con coca\u00edna y marihuana en el interior de un patrullero de la polic\u00eda de Santa Fe"},"content":{"rendered":"\n<p>El hallazgo de drogas y una balanza de precisi\u00f3n en un m\u00f3vil policial en la ciudad de Santa Fe gener\u00f3 una investigaci\u00f3n judicial en una base del Comando Radioel\u00e9ctrico de la capital provincial.<\/p>\n\n\n\n<p>Todo sucedi\u00f3 en la dependencia policial ubicada en avenida Galicia al 2300 y, de acuerdo a la informaci\u00f3n oficial, personal de Comando Radioel\u00e9ctrico denunci\u00f3 la presencia de envoltorios con sustancias compatibles con coca\u00edna y marihuana, adem\u00e1s de una serie de elementos como una balanza de precisi\u00f3n y un arma de fuego que ya quedaron a disposici\u00f3n de la Justicia.<\/p>\n\n\n\n<h3 class=\"wp-block-heading\">Drogas en un m\u00f3vil policial<\/h3>\n\n\n\n<p>En total, fueron secuestrados 28 envoltorios de papel satinado de distintos colores con coca\u00edna, con un peso aproximado de 8 gramos; otros dos envoltorios de nylon con la misma sustancia, sin pesaje informado; un envoltorio con marihuana, con un peso de 23 gramos; una balanza de precisi\u00f3n digital y un arma de fuego.<\/p>\n\n\n\n<p>Tras el hallazgo, intervino personal de la Divisi\u00f3n de Microtr\u00e1fico del Ministerio P\u00fablico de la Acusaci\u00f3n (MPA), dependiente de la Polic\u00eda de Investigaciones Regi\u00f3n 1. Por el momento, no hay aprehendidos. La investigaci\u00f3n deber\u00e1 determinar c\u00f3mo llegaron esos elementos al interior del m\u00f3vil policial y si hubo responsabilidad de alg\u00fan efectivo.<\/p>\n\n\n\n<p>Fuente: La Capital<\/p>\n","protected":false},"excerpt":{"rendered":"<p>El hallazgo de drogas y una balanza de precisi\u00f3n en un m\u00f3vil policial en la ciudad de Santa Fe gener\u00f3 una investigaci\u00f3n judicial en una&#8230;<\/p>\n","protected":false},"author":1,"featured_media":33693,"comment_status":"closed","ping_status":"closed","sticky":false,"template":"","format":"standard","meta":{"_jetpack_memberships_contains_paid_content":false,"footnotes":""},"categories":[11],"tags":[],"class_list":["post-33692","post","type-post","status-publish","format-standard","has-post-thumbnail","hentry","category-santa-fe","entry","double"],"jetpack_featured_media_url":"https:\/\/diarioahora.com.ar\/wp-content\/uploads\/2026\/04\/r2-49.jpg","jetpack_sharing_enabled":true,"_links":{"self":[{"href":"https:\/\/diarioahora.com.ar\/index.php\/wp-json\/wp\/v2\/posts\/33692","targetHints":{"allow":["GET"]}}],"collection":[{"href":"https:\/\/diarioahora.com.ar\/index.php\/wp-json\/wp\/v2\/posts"}],"about":[{"href":"https:\/\/diarioahora.com.ar\/index.php\/wp-json\/wp\/v2\/types\/post"}],"author":[{"embeddable":true,"href":"https:\/\/diarioahora.com.ar\/index.php\/wp-json\/wp\/v2\/users\/1"}],"replies":[{"embeddable":true,"href":"https:\/\/diarioahora.com.ar\/index.php\/wp-json\/wp\/v2\/comments?post=33692"}],"version-history":[{"count":1,"href":"https:\/\/diarioahora.com.ar\/index.php\/wp-json\/wp\/v2\/posts\/33692\/revisions"}],"predecessor-version":[{"id":33694,"href":"https:\/\/diarioahora.com.ar\/index.php\/wp-json\/wp\/v2\/posts\/33692\/revisions\/33694"}],"wp:featuredmedia":[{"embeddable":true,"href":"https:\/\/diarioahora.com.ar\/index.php\/wp-json\/wp\/v2\/media\/33693"}],"wp:attachment":[{"href":"https:\/\/diarioahora.com.ar\/index.php\/wp-json\/wp\/v2\/media?parent=33692"}],"wp:term":[{"taxonomy":"category","embeddable":true,"href":"https:\/\/diarioahora.com.ar\/index.php\/wp-json\/wp\/v2\/categories?post=33692"},{"taxonomy":"post_tag","embeddable":true,"href":"https:\/\/diarioahora.com.ar\/index.php\/wp-json\/wp\/v2\/tags?post=33692"}],"curies":[{"name":"wp","href":"https:\/\/api.w.org\/{rel}","templated":true}]}}