{"id":33689,"date":"2026-04-27T00:42:13","date_gmt":"2026-04-27T00:42:13","guid":{"rendered":"https:\/\/diarioahora.com.ar\/?p=33689"},"modified":"2026-04-27T00:42:14","modified_gmt":"2026-04-27T00:42:14","slug":"el-macedo-martinez-celebro-45-anos-como-instituto-pionero-en-la-provincia-de-formosa","status":"publish","type":"post","link":"https:\/\/diarioahora.com.ar\/index.php\/2026\/04\/27\/el-macedo-martinez-celebro-45-anos-como-instituto-pionero-en-la-provincia-de-formosa\/","title":{"rendered":"El \u201cMacedo Mart\u00ednez\u201d celebr\u00f3 45 a\u00f1os como Instituto Pionero en la provincia de Formosa"},"content":{"rendered":"\n<p>El Instituto Superior Privado \u201cRobustiano Macedo Mart\u00ednez\u201d fue fundado el 20 de abril de 1981, con el fin de darle a la Provincia de Formosa la oportunidad de contar con estudios terciarios en carreras docentes y t\u00e9cnicas, convirti\u00e9ndose as\u00ed en el primer instituto de ense\u00f1anza superior de gesti\u00f3n privada.<\/p>\n\n\n\n<p>El \u201cMacedo\u201d que es uno de los Departamentos de la Sociedad Protectora de la Educaci\u00f3n \u201cCarlos Cleto Casta\u00f1eda\u201d, tiene como objetivo primordial servir a la comunidad por medio de la educaci\u00f3n, contribuyendo a la formaci\u00f3n de recursos humanos.<\/p>\n\n\n\n<p>Durante sus 45 a\u00f1os de notable trayectoria acad\u00e9mica ha dictado las siguientes carreras: Profesorado en Historia, Profesorado en Geograf\u00eda, Profesorado en Ciencias de la Educaci\u00f3n, Profesorado en Tecnolog\u00eda, Profesorado en Filosof\u00eda, Profesorado en Matem\u00e1tica, Profesorado en Lengua y Literatura, Analista en Sistemas de Informaci\u00f3n, Tecnicatura Superior en Comunicaci\u00f3n Social, Tecnicatura Superior en Marketing., Secretariado Ejecutivo, Secretariado Ejecutivo Gerencial, Operador en Psicolog\u00eda Social, Bibliotecolog\u00eda, Tecnicatura Superior en Recursos Humanos, Analista en Sistemas de la Informaci\u00f3n, Tecnicatura Superior en Administraci\u00f3n de Sistemas Inform\u00e1ticos y Redes y Tecnicatura en Desarrollo de Software.<\/p>\n\n\n\n<p>Adem\u00e1s de la Tecnicatura Superior en Desarrollo de Software y el Profesorado de Educaci\u00f3n Secundaria en Lengua y Literatura, actualmente se dictan dos nuevas ofertas innovadoras acordes a la era digital: la Tecnicatura en Soporte en Infraestructura de Tecnolog\u00eda de la Informaci\u00f3n y la Tecnicatura en Ciencias de Datos e Inteligencia Artificial. En cuanto los post\u00edtulos que ofrece a nivel de perfeccionamiento docente, se destacan: &#8220;Especializaci\u00f3n en Lectura y Escritura para 2do. Ciclo de la Educaci\u00f3n Primara&#8221;, \u201cActualizaci\u00f3n Docente en Pr\u00e1cticas para la Ense\u00f1anza y el Aprendizaje de la Matem\u00e1tica en el Nivel Secundario&#8221; y &#8220;Actualizaci\u00f3n Acad\u00e9mica: La transversalidad de la Lectura y Escritura en las Pr\u00e1cticas Docentes&#8221;<\/p>\n\n\n\n<p>El equipo de conducci\u00f3n est\u00e1 integrado por el rector, Javier Castro, el regente, Luis Albornoz y la secretaria docente, Cynthia Molina. Por otra parte, los coordinadores de Departamentos son los siguientes: licenciada Andrea Pel\u00e1ez (Tecnicatura Superior en Desarrollo de Software), profesores Paola Barboza y Rolando L\u00f3pez (Tecnicatura en Soporte en Infraestructura de Tecnolog\u00eda de la Informaci\u00f3n), licenciado Alfredo Villafa\u00f1e (Tecnicatura en Ciencias de Datos e Inteligencia Artificial) y profesor Juan P\u00e1ez (Profesorado de Educaci\u00f3n Secundaria en Lengua y Literatura)<\/p>\n\n\n\n<p>Su principal tarea ha sido la de dise\u00f1ar nuevas estrategias curriculares, con la mirada puesta en mejorar cada a\u00f1o sus ofertas educativas, incorporando personal docente, en pos de la excelencia acad\u00e9mica que acredita la generaci\u00f3n de recursos humanos altamente capacitados y profesionalizados. Asimismo, logr\u00f3 la acreditaci\u00f3n plena luego de la evaluaci\u00f3n que efectuara la Unidad Provincial de Acreditaci\u00f3n al Proyecto Educativo Institucional (PEI).<\/p>\n\n\n\n<p>El \u201cMacedo\u201d realiza permanentemente acciones internas de actualizaci\u00f3n con la participaci\u00f3n de todos sus docentes, con el objeto de adecuar su curr\u00edcula de acuerdo a las demandas actuales que marca el campo laboral.<\/p>\n\n\n\n<p>Adem\u00e1s, ha incorporado a su estructura nuevas \u00e1reas como la de \u201cCapacitaci\u00f3n e Investigaci\u00f3n\u201d, en respuesta al sistema educativo superior que requiere de los Institutos de Formaci\u00f3n Docente el desarrollo de dichas funciones.<\/p>\n\n\n\n<p>En el aspecto tecnol\u00f3gico, cuenta con un laboratorio inform\u00e1tico, adem\u00e1s de haber sido precursor en la modalidad del Campus Virtual para actividades pr\u00e1cticas. Por otra parte, a nivel de contenci\u00f3n acad\u00e9mica, brinda a sus alumnos acompa\u00f1amiento psicopedag\u00f3gico y talleres de apoyo como soportes de las actividades \u00e1ulicas.<\/p>\n\n\n\n<p>Excelencia educativa<\/p>\n\n\n\n<p>A modo de balance, el Rector del \u201cMacedo\u201d resalt\u00f3 que \u201cdesde su fundaci\u00f3n en 1981, la instituci\u00f3n ha alcanzado un hito hist\u00f3rico de 2.050 egresados totales, quienes hoy integran el capital humano que impulsa el crecimiento de la provincia. Con un impacto profesional s\u00f3lido, el instituto reafirma su compromiso con la excelencia educativa que lo ha caracterizado durante m\u00e1s de cuatro d\u00e9cadas\u201d; \u201cEn la actualidad- precis\u00f3- el Instituto luce un presente din\u00e1mico y en crecimiento, con una matr\u00edcula 2026 de 385 alumnos, distribuidos en carreras t\u00e9cnicas, carreras de formaci\u00f3n docente y post\u00edtulos\u201d; \u201cMirando hacia el futuro, el Macedo Mart\u00ednez contin\u00faa su proceso de actualizaci\u00f3n constante con el lanzamiento de nuevas ofertas acad\u00e9micas estrat\u00e9gicas que reflejan la visi\u00f3n institucional de vanguardia, que la ha caracterizado a lo largo de su historia, orientada a formar profesionales en las \u00e1reas de mayor requerimiento de la regi\u00f3n y de innovaci\u00f3n tecnol\u00f3gica, asegurando que la excelencia educativa que comenz\u00f3 hace 45 a\u00f1os se proyecte con fuerza hacia las pr\u00f3ximas generaciones\u201d, afirm\u00f3 el profesor Javier Castro.<\/p>\n\n\n\n<p>Sentar las bases<\/p>\n\n\n\n<p>En una nota de salutaci\u00f3n, la presidente de la Sociedad \u201cCasta\u00f1eda\u201d, Mar\u00eda Alicia Alesi remarc\u00f3 que \u201cesta fecha sirve no s\u00f3lo para celebrar, sino tambi\u00e9n para valorar la importante tarea educativa que ha venido desplegando, desde hace 45 a\u00f1os, como establecimiento pionero; adem\u00e1s de contribuir a sentar las bases de la educaci\u00f3n superior de Formosa\u201d. \u201cDesde su origen \u2013 afirm\u00f3- nuestra instituci\u00f3n tiene por finalidad formar profesionales comprometidos en el aut\u00e9ntico desarrollo de Formosa. El desaf\u00edo no es menor, ya que se trata de formar a quienes conducir\u00e1n los destinos de la Provincia, de la sociedad, del progreso cient\u00edfico o t\u00e9cnico, de las empresas, de las escuelas, etc&#8230; Es decir, a los futuros dirigentes formose\u00f1os, hombres y mujeres capaces de aprender y decidir por s\u00ed mismos, que se interesen por los dem\u00e1s y por los asuntos p\u00fablicos, que contribuyan a desarrollar una sociedad de personas libres e individualmente responsables, que puedan afrontar con \u00e9xito los m\u00faltiples desaf\u00edos sociales, t\u00e9cnicos y econ\u00f3micos que Formosa habr\u00e1 de encarar en el presente y el futuro\u201d.<\/p>\n\n\n\n<figure class=\"wp-block-image size-large\"><img fetchpriority=\"high\" decoding=\"async\" width=\"1024\" height=\"631\" src=\"http:\/\/diarioahora.com.ar\/wp-content\/uploads\/2026\/02\/patt2026-2-1024x631.png\" alt=\"\" class=\"wp-image-31978\" srcset=\"https:\/\/diarioahora.com.ar\/wp-content\/uploads\/2026\/02\/patt2026-2-1024x631.png 1024w, https:\/\/diarioahora.com.ar\/wp-content\/uploads\/2026\/02\/patt2026-2-300x185.png 300w, https:\/\/diarioahora.com.ar\/wp-content\/uploads\/2026\/02\/patt2026-2-768x473.png 768w, https:\/\/diarioahora.com.ar\/wp-content\/uploads\/2026\/02\/patt2026-2-1536x946.png 1536w, https:\/\/diarioahora.com.ar\/wp-content\/uploads\/2026\/02\/patt2026-2.png 1734w\" sizes=\"(max-width: 1024px) 100vw, 1024px\" \/><\/figure>\n\n\n\n<figure class=\"wp-block-image size-full\"><img decoding=\"async\" width=\"901\" height=\"264\" src=\"http:\/\/diarioahora.com.ar\/wp-content\/uploads\/2023\/02\/patt2.jpg\" alt=\"\" class=\"wp-image-610\" srcset=\"https:\/\/diarioahora.com.ar\/wp-content\/uploads\/2023\/02\/patt2.jpg 901w, https:\/\/diarioahora.com.ar\/wp-content\/uploads\/2023\/02\/patt2-300x88.jpg 300w, https:\/\/diarioahora.com.ar\/wp-content\/uploads\/2023\/02\/patt2-768x225.jpg 768w\" sizes=\"(max-width: 901px) 100vw, 901px\" \/><\/figure>\n","protected":false},"excerpt":{"rendered":"<p>El Instituto Superior Privado \u201cRobustiano Macedo Mart\u00ednez\u201d fue fundado el 20 de abril de 1981, con el fin de darle a la Provincia de Formosa&#8230;<\/p>\n","protected":false},"author":1,"featured_media":33690,"comment_status":"closed","ping_status":"closed","sticky":false,"template":"","format":"standard","meta":{"_jetpack_memberships_contains_paid_content":false,"footnotes":""},"categories":[4],"tags":[],"class_list":["post-33689","post","type-post","status-publish","format-standard","has-post-thumbnail","hentry","category-formosa","entry","double"],"jetpack_featured_media_url":"https:\/\/diarioahora.com.ar\/wp-content\/uploads\/2026\/04\/IMG-20260422-WA0001-1.jpg","jetpack_sharing_enabled":true,"_links":{"self":[{"href":"https:\/\/diarioahora.com.ar\/index.php\/wp-json\/wp\/v2\/posts\/33689","targetHints":{"allow":["GET"]}}],"collection":[{"href":"https:\/\/diarioahora.com.ar\/index.php\/wp-json\/wp\/v2\/posts"}],"about":[{"href":"https:\/\/diarioahora.com.ar\/index.php\/wp-json\/wp\/v2\/types\/post"}],"author":[{"embeddable":true,"href":"https:\/\/diarioahora.com.ar\/index.php\/wp-json\/wp\/v2\/users\/1"}],"replies":[{"embeddable":true,"href":"https:\/\/diarioahora.com.ar\/index.php\/wp-json\/wp\/v2\/comments?post=33689"}],"version-history":[{"count":1,"href":"https:\/\/diarioahora.com.ar\/index.php\/wp-json\/wp\/v2\/posts\/33689\/revisions"}],"predecessor-version":[{"id":33691,"href":"https:\/\/diarioahora.com.ar\/index.php\/wp-json\/wp\/v2\/posts\/33689\/revisions\/33691"}],"wp:featuredmedia":[{"embeddable":true,"href":"https:\/\/diarioahora.com.ar\/index.php\/wp-json\/wp\/v2\/media\/33690"}],"wp:attachment":[{"href":"https:\/\/diarioahora.com.ar\/index.php\/wp-json\/wp\/v2\/media?parent=33689"}],"wp:term":[{"taxonomy":"category","embeddable":true,"href":"https:\/\/diarioahora.com.ar\/index.php\/wp-json\/wp\/v2\/categories?post=33689"},{"taxonomy":"post_tag","embeddable":true,"href":"https:\/\/diarioahora.com.ar\/index.php\/wp-json\/wp\/v2\/tags?post=33689"}],"curies":[{"name":"wp","href":"https:\/\/api.w.org\/{rel}","templated":true}]}}