{"id":33686,"date":"2026-04-27T00:40:23","date_gmt":"2026-04-27T00:40:23","guid":{"rendered":"https:\/\/diarioahora.com.ar\/?p=33686"},"modified":"2026-04-27T00:40:24","modified_gmt":"2026-04-27T00:40:24","slug":"la-secretaria-de-cultura-de-la-nacion-invita-a-la-muestra-argentina-donde-el-paisaje-se-vuelve-cuero-en-el-palacio-libertad","status":"publish","type":"post","link":"https:\/\/diarioahora.com.ar\/index.php\/2026\/04\/27\/la-secretaria-de-cultura-de-la-nacion-invita-a-la-muestra-argentina-donde-el-paisaje-se-vuelve-cuero-en-el-palacio-libertad\/","title":{"rendered":"La secretar\u00eda de cultura de la Naci\u00f3n invita a la muestra \u201cArgentina, donde el paisaje se vuelve cuero\u201d en el Palacio Libertad"},"content":{"rendered":"\n<p>La exhibici\u00f3n organizada por el Mercado de Artesan\u00edas Argentinas podr\u00e1 visitarse del mi\u00e9rcoles 22 de abril al domingo 2 de agosto.<\/p>\n\n\n\n<p>La Secretar\u00eda de Cultura de la Naci\u00f3n, a cargo de&nbsp;<strong>Leonardo Cifelli<\/strong>, presenta&nbsp;<strong>&#8220;Argentina, donde el paisaje se vuelve cuero&#8221;<\/strong>, una muestra del programa Mercado de Artesan\u00edas Argentinas con 90 obras creadas por 45 artesanos que combinan distintas t\u00e9cnicas con dise\u00f1os tradicionales e innovadores.<\/p>\n\n\n\n<p>Curada por el artesano y gestor cultural&nbsp;<strong>Segundo Deferrari<\/strong>, la exhibici\u00f3n propone un encuentro con la historia e identidad cultural del pa\u00eds a trav\u00e9s de un recorrido por el arte del trabajo en cuero, tradici\u00f3n artesanal por la que se reconoce a Argentina a nivel mundial. El cuero es una materia prima muy popular entre los artistas artesanos, siendo una rama cuya comercializaci\u00f3n est\u00e1 presente en el 90% de los mercados y espacios artesanales, seg\u00fan informaci\u00f3n suministrada por el Registro Argentino de Mercados Artesanales.<\/p>\n\n\n\n<p>Las piezas de soguer\u00eda, talabarter\u00eda y marroquiner\u00eda exhibidas estar\u00e1n a la venta. Los visitantes podr\u00e1n adquirir desde sillas materas, boleadoras, cinchas, petacas, cuchillos verijeros, rebenques, botas de potro, rosarios, carteras, pulseras y yerberas hasta indumentaria, tendencia de dise\u00f1o en la actualidad como la colaboraci\u00f3n hecha por Jer\u00f3nimo Coll con Josefina Roveta y Beto Romano para la marca Esquina.<\/p>\n\n\n\n<p><strong><em>Argentina, donde el paisaje se vuelve cuero,&nbsp;<\/em><\/strong>es la primera muestra producida en colaboraci\u00f3n con los espacios y \u00e1reas inscriptos en la Primera Convocatoria del Registro Argentino de Mercados Artesanales, lanzada en 2025.<\/p>\n\n\n\n<p>En esta exhibici\u00f3n participan artesanos que comercializan sus productos a trav\u00e9s del Mercado Artesanal de La Pampa, Artesan\u00edas del Chubut, el Museo y Mercado de Artesan\u00edas Carlos Asiain de Entre R\u00edos, el Mercado Artesanal Tradicional Luisa Escudero de San Juan, el Mercado Artesanal La Rioja, el Mercado Artesanal de la Provincia de R\u00edo Negro, el Mercado Cultural General Ortiz de Ocampo de La Rioja, el Mercado Artesanal de Salta, el Mercado Artesanal de Catamarca y el Mercado de Artesan\u00edas Argentinas.<\/p>\n\n\n\n<p>El programa de la Secretar\u00eda de Cultura de la Naci\u00f3n est\u00e1 destinado a la econom\u00eda cultural del sector artesanal. Tiene como objetivo fortalecer los espacios de circulaci\u00f3n de la producci\u00f3n artesanal a trav\u00e9s de ferias y mercados, facilitando la comercializaci\u00f3n directa entre artesanos y consumidores e impactando en la econom\u00eda del sector artesanal.<\/p>\n\n\n\n<p><strong>&#8220;Argentina, donde el paisaje se vuelve cuero&#8221;\u00a0<\/strong>podr\u00e1 visitarse del 22 de abril al 2 de agosto, de mi\u00e9rcoles a domingo, de 14 a 20 h, en las salas 9 y 10 del\u00a0<u>Palacio Libertad<\/u>\u00a0(Sarmiento 151, CABA).<\/p>\n\n\n\n<figure class=\"wp-block-image size-large\"><img fetchpriority=\"high\" decoding=\"async\" width=\"1024\" height=\"631\" src=\"http:\/\/diarioahora.com.ar\/wp-content\/uploads\/2026\/02\/patt2026-2-1024x631.png\" alt=\"\" class=\"wp-image-31978\" srcset=\"https:\/\/diarioahora.com.ar\/wp-content\/uploads\/2026\/02\/patt2026-2-1024x631.png 1024w, https:\/\/diarioahora.com.ar\/wp-content\/uploads\/2026\/02\/patt2026-2-300x185.png 300w, https:\/\/diarioahora.com.ar\/wp-content\/uploads\/2026\/02\/patt2026-2-768x473.png 768w, https:\/\/diarioahora.com.ar\/wp-content\/uploads\/2026\/02\/patt2026-2-1536x946.png 1536w, https:\/\/diarioahora.com.ar\/wp-content\/uploads\/2026\/02\/patt2026-2.png 1734w\" sizes=\"(max-width: 1024px) 100vw, 1024px\" \/><\/figure>\n\n\n\n<figure class=\"wp-block-image size-full\"><img decoding=\"async\" width=\"901\" height=\"264\" src=\"http:\/\/diarioahora.com.ar\/wp-content\/uploads\/2023\/02\/patt2.jpg\" alt=\"\" class=\"wp-image-610\" srcset=\"https:\/\/diarioahora.com.ar\/wp-content\/uploads\/2023\/02\/patt2.jpg 901w, https:\/\/diarioahora.com.ar\/wp-content\/uploads\/2023\/02\/patt2-300x88.jpg 300w, https:\/\/diarioahora.com.ar\/wp-content\/uploads\/2023\/02\/patt2-768x225.jpg 768w\" sizes=\"(max-width: 901px) 100vw, 901px\" \/><\/figure>\n","protected":false},"excerpt":{"rendered":"<p>La exhibici\u00f3n organizada por el Mercado de Artesan\u00edas Argentinas podr\u00e1 visitarse del mi\u00e9rcoles 22 de abril al domingo 2 de agosto. La Secretar\u00eda de Cultura&#8230;<\/p>\n","protected":false},"author":1,"featured_media":33687,"comment_status":"closed","ping_status":"closed","sticky":false,"template":"","format":"standard","meta":{"_jetpack_memberships_contains_paid_content":false,"footnotes":""},"categories":[10],"tags":[],"class_list":["post-33686","post","type-post","status-publish","format-standard","has-post-thumbnail","hentry","category-sociedad","entry","double"],"jetpack_featured_media_url":"https:\/\/diarioahora.com.ar\/wp-content\/uploads\/2026\/04\/Screenshot_20260423_020204_Chrome-1.jpg","jetpack_sharing_enabled":true,"_links":{"self":[{"href":"https:\/\/diarioahora.com.ar\/index.php\/wp-json\/wp\/v2\/posts\/33686","targetHints":{"allow":["GET"]}}],"collection":[{"href":"https:\/\/diarioahora.com.ar\/index.php\/wp-json\/wp\/v2\/posts"}],"about":[{"href":"https:\/\/diarioahora.com.ar\/index.php\/wp-json\/wp\/v2\/types\/post"}],"author":[{"embeddable":true,"href":"https:\/\/diarioahora.com.ar\/index.php\/wp-json\/wp\/v2\/users\/1"}],"replies":[{"embeddable":true,"href":"https:\/\/diarioahora.com.ar\/index.php\/wp-json\/wp\/v2\/comments?post=33686"}],"version-history":[{"count":1,"href":"https:\/\/diarioahora.com.ar\/index.php\/wp-json\/wp\/v2\/posts\/33686\/revisions"}],"predecessor-version":[{"id":33688,"href":"https:\/\/diarioahora.com.ar\/index.php\/wp-json\/wp\/v2\/posts\/33686\/revisions\/33688"}],"wp:featuredmedia":[{"embeddable":true,"href":"https:\/\/diarioahora.com.ar\/index.php\/wp-json\/wp\/v2\/media\/33687"}],"wp:attachment":[{"href":"https:\/\/diarioahora.com.ar\/index.php\/wp-json\/wp\/v2\/media?parent=33686"}],"wp:term":[{"taxonomy":"category","embeddable":true,"href":"https:\/\/diarioahora.com.ar\/index.php\/wp-json\/wp\/v2\/categories?post=33686"},{"taxonomy":"post_tag","embeddable":true,"href":"https:\/\/diarioahora.com.ar\/index.php\/wp-json\/wp\/v2\/tags?post=33686"}],"curies":[{"name":"wp","href":"https:\/\/api.w.org\/{rel}","templated":true}]}}