{"id":33683,"date":"2026-04-26T21:16:53","date_gmt":"2026-04-26T21:16:53","guid":{"rendered":"https:\/\/diarioahora.com.ar\/?p=33683"},"modified":"2026-04-26T21:16:55","modified_gmt":"2026-04-26T21:16:55","slug":"general-san-martin-apunalaron-a-un-hombre-y-murio-camino-al-hospital-perrando-de-resistencia","status":"publish","type":"post","link":"https:\/\/diarioahora.com.ar\/index.php\/2026\/04\/26\/general-san-martin-apunalaron-a-un-hombre-y-murio-camino-al-hospital-perrando-de-resistencia\/","title":{"rendered":"General San Mart\u00edn: apu\u00f1alaron a un hombre y muri\u00f3 camino al hospital Perrando de Resistencia"},"content":{"rendered":"\n<p><strong>Un hombre de 37 a\u00f1os muri\u00f3 tras ser apu\u00f1alado en el barrio Itat\u00ed de la localidad de General San Mart\u00edn<\/strong>.&nbsp;<strong>Por el hecho, la Polic\u00eda detuvo a otro hombre de la misma edad, se\u00f1alado como el presunto autor.<\/strong><\/p>\n\n\n\n<p>El ataque ocurri\u00f3 alrededor de las 13, en inmediaciones de calle Diputado Varela.<\/p>\n\n\n\n<p><strong>La v\u00edctima fue trasladada de urgencia al hospital local con una grave herida punzocortante en el abdomen.<\/strong><\/p>\n\n\n\n<p>Debido a su estado cr\u00edtico \u2014presentaba shock e hipotensi\u00f3n\u2014 fue estabilizada e intubada para su derivaci\u00f3n al Hospital Perrando de Resistencia.<\/p>\n\n\n\n<p>Sin embargo,&nbsp;<strong>el hombre falleci\u00f3 durante el traslado, a la altura de la localidad de La Eduvigis.<\/strong><\/p>\n\n\n\n<p>En el lugar del hecho, efectivos policiales junto al Gabinete Cient\u00edfico secuestraron varios elementos clave para la investigaci\u00f3n: un cuchillo tipo pu\u00f1al de unos 48 cent\u00edmetros, prendas con manchas similares a sangre, documentaci\u00f3n y un hierro de aproximadamente 1,50 metros con un cuchillo atado en uno de sus extremos.<\/p>\n\n\n\n<p>Adem\u00e1s, fue demorado un hombre de 37 a\u00f1os, domiciliado en el mismo barrio, quien qued\u00f3 aprehendido por disposici\u00f3n de la Justicia. Tambi\u00e9n se incaut\u00f3 la vestimenta que llevaba puesta al momento de su detenci\u00f3n.<\/p>\n\n\n\n<p>La causa contin\u00faa en investigaci\u00f3n, mientras se toman testimonios para esclarecer c\u00f3mo se produjo el homicidio.<\/p>\n\n\n\n<p>(Data Chaco).<\/p>\n","protected":false},"excerpt":{"rendered":"<p>Un hombre de 37 a\u00f1os muri\u00f3 tras ser apu\u00f1alado en el barrio Itat\u00ed de la localidad de General San Mart\u00edn.&nbsp;Por el hecho, la Polic\u00eda detuvo&#8230;<\/p>\n","protected":false},"author":1,"featured_media":33684,"comment_status":"closed","ping_status":"closed","sticky":false,"template":"","format":"standard","meta":{"_jetpack_memberships_contains_paid_content":false,"footnotes":""},"categories":[3],"tags":[],"class_list":["post-33683","post","type-post","status-publish","format-standard","has-post-thumbnail","hentry","category-chaco","entry","double"],"jetpack_featured_media_url":"https:\/\/diarioahora.com.ar\/wp-content\/uploads\/2026\/04\/r2-49.webp","jetpack_sharing_enabled":true,"_links":{"self":[{"href":"https:\/\/diarioahora.com.ar\/index.php\/wp-json\/wp\/v2\/posts\/33683","targetHints":{"allow":["GET"]}}],"collection":[{"href":"https:\/\/diarioahora.com.ar\/index.php\/wp-json\/wp\/v2\/posts"}],"about":[{"href":"https:\/\/diarioahora.com.ar\/index.php\/wp-json\/wp\/v2\/types\/post"}],"author":[{"embeddable":true,"href":"https:\/\/diarioahora.com.ar\/index.php\/wp-json\/wp\/v2\/users\/1"}],"replies":[{"embeddable":true,"href":"https:\/\/diarioahora.com.ar\/index.php\/wp-json\/wp\/v2\/comments?post=33683"}],"version-history":[{"count":1,"href":"https:\/\/diarioahora.com.ar\/index.php\/wp-json\/wp\/v2\/posts\/33683\/revisions"}],"predecessor-version":[{"id":33685,"href":"https:\/\/diarioahora.com.ar\/index.php\/wp-json\/wp\/v2\/posts\/33683\/revisions\/33685"}],"wp:featuredmedia":[{"embeddable":true,"href":"https:\/\/diarioahora.com.ar\/index.php\/wp-json\/wp\/v2\/media\/33684"}],"wp:attachment":[{"href":"https:\/\/diarioahora.com.ar\/index.php\/wp-json\/wp\/v2\/media?parent=33683"}],"wp:term":[{"taxonomy":"category","embeddable":true,"href":"https:\/\/diarioahora.com.ar\/index.php\/wp-json\/wp\/v2\/categories?post=33683"},{"taxonomy":"post_tag","embeddable":true,"href":"https:\/\/diarioahora.com.ar\/index.php\/wp-json\/wp\/v2\/tags?post=33683"}],"curies":[{"name":"wp","href":"https:\/\/api.w.org\/{rel}","templated":true}]}}