{"id":33674,"date":"2026-04-26T15:09:39","date_gmt":"2026-04-26T15:09:39","guid":{"rendered":"https:\/\/diarioahora.com.ar\/?p=33674"},"modified":"2026-04-26T15:09:41","modified_gmt":"2026-04-26T15:09:41","slug":"una-mujer-y-un-joven-apunalaron-a-un-hombre-para-robarle-y-terminaron-detenidos-tras-atacar-a-la-policia","status":"publish","type":"post","link":"https:\/\/diarioahora.com.ar\/index.php\/2026\/04\/26\/una-mujer-y-un-joven-apunalaron-a-un-hombre-para-robarle-y-terminaron-detenidos-tras-atacar-a-la-policia\/","title":{"rendered":"Una mujer y un joven apu\u00f1alaron a un hombre para robarle y terminaron detenidos tras atacar a la polic\u00eda"},"content":{"rendered":"\n<p><strong>Un hombre de 30 a\u00f1os fue herido con un arma blanca y asaltado durante la madrugada en Villa Federal. Por el hecho fueron detenidos dos adolescentes luego de un operativo que incluy\u00f3 ataques contra m\u00f3viles policiales y el secuestro de elementos vinculados al caso.<\/strong>&nbsp;<\/p>\n\n\n\n<p>El episodio se registr\u00f3 cerca de la 1 de la madrugada, cuando efectivos de la Divisi\u00f3n Patrulla Preventiva acudieron a un llamado de emergencia. La v\u00edctima denunci\u00f3 que dos j\u00f3venes lo apu\u00f1alaron en la espalda y le robaron su bicicleta, tras lo cual se refugiaron en una vivienda ubicada sobre calle Bosh.<\/p>\n\n\n\n<p><strong>Al llegar, los agentes fueron recibidos por un grupo de personas que comenz\u00f3 a arrojar piedras y otros objetos contundentes contra los patrulleros, lo que oblig\u00f3 a solicitar refuerzos. En medio de la intervenci\u00f3n, uno de los sospechosos sali\u00f3 del domicilio con la bicicleta robada, la abandon\u00f3 en la v\u00eda p\u00fablica y escap\u00f3.<\/strong><\/p>\n\n\n\n<p><strong>Minutos m\u00e1s tarde, otro de los implicados sali\u00f3 portando un machete y amenaz\u00f3 al personal policial. Fue detenido en el lugar, junto a otro menor se\u00f1alado por haber participado en los da\u00f1os a los m\u00f3viles.<\/strong>&nbsp;<\/p>\n\n\n\n<p>Durante el procedimiento, la Polic\u00eda secuestr\u00f3 la bicicleta robada, un machete y fragmentos de ladrillos utilizados en la agresi\u00f3n. Dos patrulleros resultaron con da\u00f1os en el parabrisas y en una de sus puertas.<\/p>\n\n\n\n<p>Los adolescentes quedaron a disposici\u00f3n del Juzgado del Menor y la Familia, mientras que la bicicleta fue restituida a su propietario.<\/p>\n\n\n\n<p>(Data Chaco).<\/p>\n","protected":false},"excerpt":{"rendered":"<p>Un hombre de 30 a\u00f1os fue herido con un arma blanca y asaltado durante la madrugada en Villa Federal. Por el hecho fueron detenidos dos&#8230;<\/p>\n","protected":false},"author":1,"featured_media":33675,"comment_status":"closed","ping_status":"closed","sticky":false,"template":"","format":"standard","meta":{"_jetpack_memberships_contains_paid_content":false,"footnotes":""},"categories":[3],"tags":[],"class_list":["post-33674","post","type-post","status-publish","format-standard","has-post-thumbnail","hentry","category-chaco","entry","double"],"jetpack_featured_media_url":"https:\/\/diarioahora.com.ar\/wp-content\/uploads\/2026\/04\/r2-2026-04-26T120922.154.jpg","jetpack_sharing_enabled":true,"_links":{"self":[{"href":"https:\/\/diarioahora.com.ar\/index.php\/wp-json\/wp\/v2\/posts\/33674","targetHints":{"allow":["GET"]}}],"collection":[{"href":"https:\/\/diarioahora.com.ar\/index.php\/wp-json\/wp\/v2\/posts"}],"about":[{"href":"https:\/\/diarioahora.com.ar\/index.php\/wp-json\/wp\/v2\/types\/post"}],"author":[{"embeddable":true,"href":"https:\/\/diarioahora.com.ar\/index.php\/wp-json\/wp\/v2\/users\/1"}],"replies":[{"embeddable":true,"href":"https:\/\/diarioahora.com.ar\/index.php\/wp-json\/wp\/v2\/comments?post=33674"}],"version-history":[{"count":1,"href":"https:\/\/diarioahora.com.ar\/index.php\/wp-json\/wp\/v2\/posts\/33674\/revisions"}],"predecessor-version":[{"id":33676,"href":"https:\/\/diarioahora.com.ar\/index.php\/wp-json\/wp\/v2\/posts\/33674\/revisions\/33676"}],"wp:featuredmedia":[{"embeddable":true,"href":"https:\/\/diarioahora.com.ar\/index.php\/wp-json\/wp\/v2\/media\/33675"}],"wp:attachment":[{"href":"https:\/\/diarioahora.com.ar\/index.php\/wp-json\/wp\/v2\/media?parent=33674"}],"wp:term":[{"taxonomy":"category","embeddable":true,"href":"https:\/\/diarioahora.com.ar\/index.php\/wp-json\/wp\/v2\/categories?post=33674"},{"taxonomy":"post_tag","embeddable":true,"href":"https:\/\/diarioahora.com.ar\/index.php\/wp-json\/wp\/v2\/tags?post=33674"}],"curies":[{"name":"wp","href":"https:\/\/api.w.org\/{rel}","templated":true}]}}