{"id":33666,"date":"2026-04-26T14:51:33","date_gmt":"2026-04-26T14:51:33","guid":{"rendered":"https:\/\/diarioahora.com.ar\/?p=33666"},"modified":"2026-04-26T14:51:35","modified_gmt":"2026-04-26T14:51:35","slug":"creacion-de-fuentes-de-trabajo-el-gobernador-juan-pablo-valdes-senalo-empiezan-a-llegar-inversiones-que-van-a-cambiar-corrientes-para-siempre","status":"publish","type":"post","link":"https:\/\/diarioahora.com.ar\/index.php\/2026\/04\/26\/creacion-de-fuentes-de-trabajo-el-gobernador-juan-pablo-valdes-senalo-empiezan-a-llegar-inversiones-que-van-a-cambiar-corrientes-para-siempre\/","title":{"rendered":"Creaci\u00f3n de fuentes de trabajo: El gobernador Juan Pablo Vald\u00e9s se\u00f1al\u00f3: &#8220;Empiezan a llegar inversiones que van a cambiar Corrientes para siempre&#8221;"},"content":{"rendered":"\n<p>El gobernador Juan Pablo Vald\u00e9s destac\u00f3 la continuidad del modelo impulsado junto a Gustavo Vald\u00e9s y subray\u00f3 el impacto de las pol\u00edticas de desarrollo. &#8220;Acompa\u00f1\u00e9 y comparto la mirada sobre el potencial de Corrientes&#8221;, afirm\u00f3.<\/p>\n\n\n\n<p>Remarc\u00f3 que &#8220;empiezan a llegar inversiones que son sumamente importantes&#8221;. En ese sentido, sostuvo que el crecimiento responde a &#8220;un setup que se fue dando durante estos casi ocho a\u00f1os de gesti\u00f3n&#8221;, con ejes como parques industriales, puertos y baja presi\u00f3n impositiva. &#8220;Ya no somos aquella provincia \u00fanicamente ganadera&#8221;, asegur\u00f3, y plante\u00f3 que hoy se abre una etapa con m\u00e1s industria y valor agregado.<\/p>\n\n\n\n<h3 class=\"wp-block-heading\">Proyecto Ituzaing\u00f3<\/h3>\n\n\n\n<p>Acerca del &#8220;Proyecto Ituzaing\u00f3&#8221; remarc\u00f3 la importancia para la provincia y paraa el pa\u00eds.&#8221;Esto va a significar empleo para trece mil correntinos y podr\u00eda&nbsp; duplicar el producto bruto geogr\u00e1fico&#8221; asegur\u00f3<\/p>\n\n\n\n<p>Adem\u00e1s, indic\u00f3 que una sola inversi\u00f3n podr\u00eda triplicar las exportaciones actuales. &#8220;Es una cadena enorme de trabajo que va a cambiar la realidad de Corrientes para siempre&#8221;, remarc\u00f3.<\/p>\n","protected":false},"excerpt":{"rendered":"<p>El gobernador Juan Pablo Vald\u00e9s destac\u00f3 la continuidad del modelo impulsado junto a Gustavo Vald\u00e9s y subray\u00f3 el impacto de las pol\u00edticas de desarrollo. &#8220;Acompa\u00f1\u00e9&#8230;<\/p>\n","protected":false},"author":1,"featured_media":33667,"comment_status":"closed","ping_status":"closed","sticky":false,"template":"","format":"standard","meta":{"_jetpack_memberships_contains_paid_content":false,"footnotes":""},"categories":[5],"tags":[],"class_list":["post-33666","post","type-post","status-publish","format-standard","has-post-thumbnail","hentry","category-corrientes","entry","double"],"jetpack_featured_media_url":"https:\/\/diarioahora.com.ar\/wp-content\/uploads\/2026\/04\/r2-2026-04-26T115044.499.jpg","jetpack_sharing_enabled":true,"_links":{"self":[{"href":"https:\/\/diarioahora.com.ar\/index.php\/wp-json\/wp\/v2\/posts\/33666","targetHints":{"allow":["GET"]}}],"collection":[{"href":"https:\/\/diarioahora.com.ar\/index.php\/wp-json\/wp\/v2\/posts"}],"about":[{"href":"https:\/\/diarioahora.com.ar\/index.php\/wp-json\/wp\/v2\/types\/post"}],"author":[{"embeddable":true,"href":"https:\/\/diarioahora.com.ar\/index.php\/wp-json\/wp\/v2\/users\/1"}],"replies":[{"embeddable":true,"href":"https:\/\/diarioahora.com.ar\/index.php\/wp-json\/wp\/v2\/comments?post=33666"}],"version-history":[{"count":1,"href":"https:\/\/diarioahora.com.ar\/index.php\/wp-json\/wp\/v2\/posts\/33666\/revisions"}],"predecessor-version":[{"id":33668,"href":"https:\/\/diarioahora.com.ar\/index.php\/wp-json\/wp\/v2\/posts\/33666\/revisions\/33668"}],"wp:featuredmedia":[{"embeddable":true,"href":"https:\/\/diarioahora.com.ar\/index.php\/wp-json\/wp\/v2\/media\/33667"}],"wp:attachment":[{"href":"https:\/\/diarioahora.com.ar\/index.php\/wp-json\/wp\/v2\/media?parent=33666"}],"wp:term":[{"taxonomy":"category","embeddable":true,"href":"https:\/\/diarioahora.com.ar\/index.php\/wp-json\/wp\/v2\/categories?post=33666"},{"taxonomy":"post_tag","embeddable":true,"href":"https:\/\/diarioahora.com.ar\/index.php\/wp-json\/wp\/v2\/tags?post=33666"}],"curies":[{"name":"wp","href":"https:\/\/api.w.org\/{rel}","templated":true}]}}