{"id":32541,"date":"2026-03-05T13:21:21","date_gmt":"2026-03-05T13:21:21","guid":{"rendered":"https:\/\/diarioahora.com.ar\/?p=32541"},"modified":"2026-03-05T13:21:22","modified_gmt":"2026-03-05T13:21:22","slug":"hoy-comienza-el-pago-del-plus-de-refuerzo-para-empleados-publicos-y-jubilados","status":"publish","type":"post","link":"https:\/\/diarioahora.com.ar\/index.php\/2026\/03\/05\/hoy-comienza-el-pago-del-plus-de-refuerzo-para-empleados-publicos-y-jubilados\/","title":{"rendered":"Hoy comienza el pago del &#8220;PLUS&#8221; de refuerzo para empleados p\u00fablicos y jubilados"},"content":{"rendered":"\n<p>El\u00a0 Plus Unificado del mes de marzo para trabajadores provinciales activos y jubilados comenz\u00f3 a pagarse en la jornada de hoy. Tal lo habitual, ser\u00e1 por terminaci\u00f3n de DNI.<\/p>\n\n\n\n<p>Los empleados estatales provinciale percibir\u00e1n el Plus Unificado y la primera jornada de pago ser\u00e1 para los\u00a0 agentes con documentos terminados en 0 y 1. El viernes seguir\u00e1 con terminados en 2 y 3. En cajeros, a partir del s\u00e1bado 7 para documentos terminados en 4 y 5.<\/p>\n\n\n\n<figure class=\"wp-block-image\"><img decoding=\"async\" src=\"https:\/\/www.radiodos.com.ar\/content\/bucket\/2\/281442w380h507c.jpg.webp\" alt=\"\"\/><\/figure>\n","protected":false},"excerpt":{"rendered":"<p>El\u00a0 Plus Unificado del mes de marzo para trabajadores provinciales activos y jubilados comenz\u00f3 a pagarse en la jornada de hoy. Tal lo habitual, ser\u00e1&#8230;<\/p>\n","protected":false},"author":1,"featured_media":32542,"comment_status":"closed","ping_status":"closed","sticky":false,"template":"","format":"standard","meta":{"_jetpack_memberships_contains_paid_content":false,"footnotes":""},"categories":[5],"tags":[],"class_list":["post-32541","post","type-post","status-publish","format-standard","has-post-thumbnail","hentry","category-corrientes","entry","double"],"jetpack_featured_media_url":"https:\/\/diarioahora.com.ar\/wp-content\/uploads\/2026\/03\/r2-10.jpg","jetpack_sharing_enabled":true,"_links":{"self":[{"href":"https:\/\/diarioahora.com.ar\/index.php\/wp-json\/wp\/v2\/posts\/32541","targetHints":{"allow":["GET"]}}],"collection":[{"href":"https:\/\/diarioahora.com.ar\/index.php\/wp-json\/wp\/v2\/posts"}],"about":[{"href":"https:\/\/diarioahora.com.ar\/index.php\/wp-json\/wp\/v2\/types\/post"}],"author":[{"embeddable":true,"href":"https:\/\/diarioahora.com.ar\/index.php\/wp-json\/wp\/v2\/users\/1"}],"replies":[{"embeddable":true,"href":"https:\/\/diarioahora.com.ar\/index.php\/wp-json\/wp\/v2\/comments?post=32541"}],"version-history":[{"count":1,"href":"https:\/\/diarioahora.com.ar\/index.php\/wp-json\/wp\/v2\/posts\/32541\/revisions"}],"predecessor-version":[{"id":32543,"href":"https:\/\/diarioahora.com.ar\/index.php\/wp-json\/wp\/v2\/posts\/32541\/revisions\/32543"}],"wp:featuredmedia":[{"embeddable":true,"href":"https:\/\/diarioahora.com.ar\/index.php\/wp-json\/wp\/v2\/media\/32542"}],"wp:attachment":[{"href":"https:\/\/diarioahora.com.ar\/index.php\/wp-json\/wp\/v2\/media?parent=32541"}],"wp:term":[{"taxonomy":"category","embeddable":true,"href":"https:\/\/diarioahora.com.ar\/index.php\/wp-json\/wp\/v2\/categories?post=32541"},{"taxonomy":"post_tag","embeddable":true,"href":"https:\/\/diarioahora.com.ar\/index.php\/wp-json\/wp\/v2\/tags?post=32541"}],"curies":[{"name":"wp","href":"https:\/\/api.w.org\/{rel}","templated":true}]}}